{"id":14558,"date":"2026-08-14T07:32:36","date_gmt":"2026-08-14T06:32:36","guid":{"rendered":"https:\/\/spes.se\/vastrakrets\/?p=14558"},"modified":"2026-08-28T09:08:19","modified_gmt":"2026-08-28T08:08:19","slug":"digitalt-stod-for-nydrabbade","status":"publish","type":"post","link":"https:\/\/spes.se\/vastrakrets\/blog\/2026\/08\/14\/digitalt-stod-for-nydrabbade\/","title":{"rendered":"Digitalt st\u00f6d f\u00f6r nydrabbade"},"content":{"rendered":"\n<p class=\"wp-block-paragraph\"><strong>Digital f\u00f6rel\u00e4sning f\u00f6r dig som nyligen f\u00f6rlorat en n\u00e4rst\u00e5ende i suicid<\/strong><\/p>\n\n\n\n<p class=\"wp-block-paragraph\">Den f\u00f6rsta tiden efter en suicidf\u00f6rlust kan vara mycket omv\u00e4lvande. M\u00e5nga upplever chock, overklighet och en m\u00e4ngd fr\u00e5gor kring b\u00e5de k\u00e4nslor och praktiska saker.<\/p>\n\n\n\n<p class=\"wp-block-paragraph\">Spes forts\u00e4tter nu med v\u00e5r digitala f\u00f6rel\u00e4sning\u00a0<em>Om den f\u00f6rsta tiden efter att n\u00e5gon tagit sitt liv<\/em> under h\u00f6sten. F\u00f6rel\u00e4sningen riktar sig till dig som nyligen har f\u00f6rlorat en n\u00e4rst\u00e5ende i suicid och vill f\u00e5 v\u00e4gledning, svar p\u00e5 vanliga fr\u00e5gor och information om vilket st\u00f6d som finns.<\/p>\n\n\n\n<p class=\"wp-block-paragraph\">Under f\u00f6rel\u00e4sningen f\u00e5r du bland annat veta mer om:<\/p>\n\n\n\n<p class=\"wp-block-paragraph\">\u2022 Vanliga reaktioner i sorgen<\/p>\n\n\n\n<p class=\"wp-block-paragraph\">\u2022 De f\u00f6rsta stegen efter d\u00f6dsfallet<\/p>\n\n\n\n<p class=\"wp-block-paragraph\">\u2022 Visning och avsked<\/p>\n\n\n\n<p class=\"wp-block-paragraph\">\u2022 Anh\u00f6rigm\u00f6te med begravningsbyr\u00e5<\/p>\n\n\n\n<p class=\"wp-block-paragraph\">\u2022 Begravningen och vad som kan f\u00f6rv\u00e4ntas under och efter<\/p>\n\n\n\n<p class=\"wp-block-paragraph\">\u2022 Vilket st\u00f6d som finns att f\u00e5<\/p>\n\n\n\n<p class=\"wp-block-paragraph\">F\u00f6rel\u00e4sningen inneh\u00e5ller ocks\u00e5 en stund f\u00f6r fr\u00e5gor och v\u00e4gledning. Den h\u00e5lls av en f\u00f6rel\u00e4sare med l\u00e5ng erfarenhet fr\u00e5n begravningsbranschen och arbete med sv\u00e5ra f\u00f6rluster.<\/p>\n\n\n\n<p class=\"wp-block-paragraph\">Inom Spes st\u00f6dverksamhet \u00e4r alla som ger st\u00f6d sj\u00e4lva efterlevande. Det kan skapa en s\u00e4rskild f\u00f6rst\u00e5else f\u00f6r den situation och sorg som kan f\u00f6lja efter att n\u00e5gon tagit sitt liv.<\/p>\n\n\n\n<p class=\"wp-block-paragraph\"><strong>Datum<\/strong>: <\/p>\n\n\n\n<p class=\"wp-block-paragraph\">1 september<\/p>\n\n\n\n<p class=\"wp-block-paragraph\">6<strong> <\/strong>oktober<\/p>\n\n\n\n<p class=\"wp-block-paragraph\">3<strong> <\/strong>november<\/p>\n\n\n\n<p class=\"wp-block-paragraph\">1<strong> <\/strong>december<\/p>\n\n\n\n<p class=\"wp-block-paragraph\"><strong>Tid<\/strong>:\u00a013.30\u201314.30<\/p>\n\n\n\n<p class=\"wp-block-paragraph\"><strong>Anm\u00e4lan<\/strong><\/p>\n\n\n\n<p class=\"wp-block-paragraph\">Du anm\u00e4ler dig via l\u00e4nken nedan:<\/p>\n\n\n\n<p class=\"wp-block-paragraph\"><a href=\"https:\/\/docs.google.com\/forms\/d\/e\/1FAIpQLSe_o1PCXxuVpKopwBEu0ls56kHrXhmUyPsy6gMnALSDgpkoRQ\/viewform?usp=header\">https:\/\/docs.google.com\/forms\/d\/e\/1FAIpQLSe_o1PCXxuVpKopwBEu0ls56kHrXhmUyPsy6gMnALSDgpkoRQ\/viewform?usp=header<\/a><\/p>\n\n\n\n<p class=\"wp-block-paragraph\">L\u00e4nken till f\u00f6rel\u00e4sningen skickas till dig efter anm\u00e4lan.<\/p>\n\n\n\n<p class=\"wp-block-paragraph\">Du \u00e4r v\u00e4lkommen att delta oavsett var du befinner dig. F\u00f6rel\u00e4sningen \u00e4r en m\u00f6jlighet att f\u00e5 svar p\u00e5 fr\u00e5gor och ett f\u00f6rsta st\u00f6d i en sv\u00e5r tid.<\/p>\n\n\n\n<p class=\"wp-block-paragraph\">Du \u00e4r varmt v\u00e4lkommen att delta eller att dela informationen vidare till n\u00e5gon som kan beh\u00f6va den.<\/p>\n\n\n\n<div class=\"wp-block-file\"><a id=\"wp-block-file--media-fdf219e9-fd7e-4cde-9f82-4cb037a08496\" href=\"https:\/\/spes.se\/vastrakrets\/wp-content\/uploads\/sites\/10\/securepdfs\/2026\/08\/Copy-of-Copy-of-Kopia-av-psykisklivraddning-fb-1-080-x-1-350-pixlar.pdf\">Affisch: Om den f\u00f6rsta tiden efter<\/a><a href=\"https:\/\/spes.se\/vastrakrets\/wp-content\/uploads\/sites\/10\/securepdfs\/2026\/08\/Copy-of-Copy-of-Kopia-av-psykisklivraddning-fb-1-080-x-1-350-pixlar.pdf\" class=\"wp-block-file__button wp-element-button\" download aria-describedby=\"wp-block-file--media-fdf219e9-fd7e-4cde-9f82-4cb037a08496\">Ladda ner<\/a><\/div>\n","protected":false},"excerpt":{"rendered":"<p>Digital f\u00f6rel\u00e4sning f\u00f6r dig som nyligen f\u00f6rlorat en n\u00e4rst\u00e5ende i suicid Den f\u00f6rsta tiden efter en suicidf\u00f6rlust kan vara mycket omv\u00e4lvande. M\u00e5nga upplever chock, overklighet och en m\u00e4ngd fr\u00e5gor kring b\u00e5de k\u00e4nslor och praktiska saker. Spes forts\u00e4tter nu med v\u00e5r <a class=\"more-link\" href=\"https:\/\/spes.se\/vastrakrets\/blog\/2026\/08\/14\/digitalt-stod-for-nydrabbade\/\">L\u00e4s mer &#8230;<\/a><\/p>\n","protected":false},"author":31,"featured_media":14564,"comment_status":"closed","ping_status":"closed","sticky":false,"template":"","format":"standard","meta":{"_uag_custom_page_level_css":"","_coblocks_attr":"","_coblocks_dimensions":"","_coblocks_responsive_height":"","_coblocks_accordion_ie_support":"","wds_primary_category":1,"footnotes":""},"categories":[5],"tags":[],"class_list":["post-14558","post","type-post","status-publish","format-standard","has-post-thumbnail","hentry","category-aktuellt"],"spectra_custom_meta":{"_uagb_previous_block_counts":["a:90:{s:21:\"uagb\/advanced-heading\";i:0;s:15:\"uagb\/blockquote\";i:0;s:12:\"uagb\/buttons\";i:0;s:18:\"uagb\/buttons-child\";i:0;s:19:\"uagb\/call-to-action\";i:0;s:15:\"uagb\/cf7-styler\";i:0;s:11:\"uagb\/column\";i:0;s:12:\"uagb\/columns\";i:0;s:14:\"uagb\/container\";i:0;s:21:\"uagb\/content-timeline\";i:0;s:27:\"uagb\/content-timeline-child\";i:0;s:14:\"uagb\/countdown\";i:0;s:12:\"uagb\/counter\";i:0;s:8:\"uagb\/faq\";i:0;s:14:\"uagb\/faq-child\";i:0;s:10:\"uagb\/forms\";i:0;s:17:\"uagb\/forms-accept\";i:0;s:19:\"uagb\/forms-checkbox\";i:0;s:15:\"uagb\/forms-date\";i:0;s:16:\"uagb\/forms-email\";i:0;s:17:\"uagb\/forms-hidden\";i:0;s:15:\"uagb\/forms-name\";i:0;s:16:\"uagb\/forms-phone\";i:0;s:16:\"uagb\/forms-radio\";i:0;s:17:\"uagb\/forms-select\";i:0;s:19:\"uagb\/forms-textarea\";i:0;s:17:\"uagb\/forms-toggle\";i:0;s:14:\"uagb\/forms-url\";i:0;s:14:\"uagb\/gf-styler\";i:0;s:15:\"uagb\/google-map\";i:0;s:11:\"uagb\/how-to\";i:0;s:16:\"uagb\/how-to-step\";i:0;s:9:\"uagb\/icon\";i:0;s:14:\"uagb\/icon-list\";i:0;s:20:\"uagb\/icon-list-child\";i:0;s:10:\"uagb\/image\";i:0;s:18:\"uagb\/image-gallery\";i:0;s:13:\"uagb\/info-box\";i:0;s:18:\"uagb\/inline-notice\";i:0;s:11:\"uagb\/lottie\";i:0;s:21:\"uagb\/marketing-button\";i:0;s:10:\"uagb\/modal\";i:0;s:18:\"uagb\/popup-builder\";i:0;s:16:\"uagb\/post-button\";i:0;s:18:\"uagb\/post-carousel\";i:0;s:17:\"uagb\/post-excerpt\";i:0;s:14:\"uagb\/post-grid\";i:0;s:15:\"uagb\/post-image\";i:0;s:17:\"uagb\/post-masonry\";i:0;s:14:\"uagb\/post-meta\";i:0;s:18:\"uagb\/post-taxonomy\";i:0;s:18:\"uagb\/post-timeline\";i:0;s:15:\"uagb\/post-title\";i:0;s:20:\"uagb\/restaurant-menu\";i:0;s:26:\"uagb\/restaurant-menu-child\";i:0;s:11:\"uagb\/review\";i:0;s:12:\"uagb\/section\";i:0;s:14:\"uagb\/separator\";i:0;s:11:\"uagb\/slider\";i:0;s:17:\"uagb\/slider-child\";i:0;s:17:\"uagb\/social-share\";i:0;s:23:\"uagb\/social-share-child\";i:0;s:16:\"uagb\/star-rating\";i:0;s:23:\"uagb\/sure-cart-checkout\";i:0;s:22:\"uagb\/sure-cart-product\";i:0;s:15:\"uagb\/sure-forms\";i:0;s:22:\"uagb\/table-of-contents\";i:0;s:9:\"uagb\/tabs\";i:0;s:15:\"uagb\/tabs-child\";i:0;s:18:\"uagb\/taxonomy-list\";i:0;s:9:\"uagb\/team\";i:0;s:16:\"uagb\/testimonial\";i:0;s:14:\"uagb\/wp-search\";i:0;s:19:\"uagb\/instagram-feed\";i:0;s:10:\"uagb\/login\";i:0;s:17:\"uagb\/loop-builder\";i:0;s:18:\"uagb\/loop-category\";i:0;s:20:\"uagb\/loop-pagination\";i:0;s:15:\"uagb\/loop-reset\";i:0;s:16:\"uagb\/loop-search\";i:0;s:14:\"uagb\/loop-sort\";i:0;s:17:\"uagb\/loop-wrapper\";i:0;s:13:\"uagb\/register\";i:0;s:19:\"uagb\/register-email\";i:0;s:24:\"uagb\/register-first-name\";i:0;s:23:\"uagb\/register-last-name\";i:0;s:22:\"uagb\/register-password\";i:0;s:30:\"uagb\/register-reenter-password\";i:0;s:19:\"uagb\/register-terms\";i:0;s:22:\"uagb\/register-username\";i:0;}"],"_edit_lock":["1787904500:31"],"_edit_last":["31"],"_thumbnail_id":["14564"],"_uag_custom_page_level_css":[""],"_coblocks_attr":[""],"_coblocks_dimensions":[""],"_coblocks_responsive_height":[""],"_coblocks_accordion_ie_support":[""],"wds_primary_category":["1"],"footnotes":[""],"lucida-layout-option":["default"],"lucida-header-image":["default"],"lucida-sidebar-options":["default-sidebar"],"lucida-featured-image":["default"],"__post_views_count":["45"],"_wds_readability":["a:4:{s:5:\"score\";i:0;s:9:\"raw_score\";b:0;s:11:\"is_readable\";b:0;s:5:\"error\";s:40:\"Your language is currently not supported\";}"],"_uag_page_assets":["a:9:{s:3:\"css\";s:0:\"\";s:2:\"js\";s:0:\"\";s:18:\"current_block_list\";a:12:{i:0;s:14:\"core\/paragraph\";i:1;s:9:\"core\/file\";i:2;s:12:\"core\/heading\";i:3;s:14:\"core\/separator\";i:4;s:14:\"core\/shortcode\";i:5;s:12:\"core\/buttons\";i:6;s:11:\"core\/button\";i:7;s:10:\"core\/image\";i:8;s:8:\"core\/rss\";i:9;s:17:\"core\/social-links\";i:10;s:16:\"core\/social-link\";i:11;s:26:\"coblocks\/dynamic-separator\";}s:8:\"uag_flag\";b:0;s:11:\"uag_version\";s:10:\"1788287721\";s:6:\"gfonts\";a:0:{}s:10:\"gfonts_url\";s:0:\"\";s:12:\"gfonts_files\";a:0:{}s:14:\"uag_faq_layout\";b:0;}"]},"uagb_featured_image_src":{"full":["https:\/\/spes.se\/vastrakrets\/wp-content\/uploads\/sites\/10\/2026\/08\/Copy-of-Copy-of-Kopia-av-psykisklivraddning-fb-1-080-x-1-350-pixlar-e1786689141468.png",696,382,false],"thumbnail":["https:\/\/spes.se\/vastrakrets\/wp-content\/uploads\/sites\/10\/2026\/08\/Copy-of-Copy-of-Kopia-av-psykisklivraddning-fb-1-080-x-1-350-pixlar-e1786689141468-150x150.png",150,150,true],"medium":["https:\/\/spes.se\/vastrakrets\/wp-content\/uploads\/sites\/10\/2026\/08\/Copy-of-Copy-of-Kopia-av-psykisklivraddning-fb-1-080-x-1-350-pixlar-e1786689141468-300x165.png",300,165,true],"medium_large":["https:\/\/spes.se\/vastrakrets\/wp-content\/uploads\/sites\/10\/2026\/08\/Copy-of-Copy-of-Kopia-av-psykisklivraddning-fb-1-080-x-1-350-pixlar-768x1087.png",620,878,true],"large":["https:\/\/spes.se\/vastrakrets\/wp-content\/uploads\/sites\/10\/2026\/08\/Copy-of-Copy-of-Kopia-av-psykisklivraddning-fb-1-080-x-1-350-pixlar-e1786689141468-620x340.png",620,340,true],"1536x1536":["https:\/\/spes.se\/vastrakrets\/wp-content\/uploads\/sites\/10\/2026\/08\/Copy-of-Copy-of-Kopia-av-psykisklivraddning-fb-1-080-x-1-350-pixlar-e1786689141468.png",696,382,false],"2048x2048":["https:\/\/spes.se\/vastrakrets\/wp-content\/uploads\/sites\/10\/2026\/08\/Copy-of-Copy-of-Kopia-av-psykisklivraddning-fb-1-080-x-1-350-pixlar-e1786689141468.png",696,382,false],"ultp_layout_landscape_large":["https:\/\/spes.se\/vastrakrets\/wp-content\/uploads\/sites\/10\/2026\/08\/Copy-of-Copy-of-Kopia-av-psykisklivraddning-fb-1-080-x-1-350-pixlar-884x800.png",884,800,true],"ultp_layout_landscape":["https:\/\/spes.se\/vastrakrets\/wp-content\/uploads\/sites\/10\/2026\/08\/Copy-of-Copy-of-Kopia-av-psykisklivraddning-fb-1-080-x-1-350-pixlar-870x570.png",870,570,true],"ultp_layout_portrait":["https:\/\/spes.se\/vastrakrets\/wp-content\/uploads\/sites\/10\/2026\/08\/Copy-of-Copy-of-Kopia-av-psykisklivraddning-fb-1-080-x-1-350-pixlar-e1786689141468-600x382.png",600,382,true],"ultp_layout_square":["https:\/\/spes.se\/vastrakrets\/wp-content\/uploads\/sites\/10\/2026\/08\/Copy-of-Copy-of-Kopia-av-psykisklivraddning-fb-1-080-x-1-350-pixlar-e1786689141468-600x382.png",600,382,true],"post-thumbnail":["https:\/\/spes.se\/vastrakrets\/wp-content\/uploads\/sites\/10\/2026\/08\/Copy-of-Copy-of-Kopia-av-psykisklivraddning-fb-1-080-x-1-350-pixlar-e1786689141468-620x382.png",620,382,true],"lucida-slider":["https:\/\/spes.se\/vastrakrets\/wp-content\/uploads\/sites\/10\/2026\/08\/Copy-of-Copy-of-Kopia-av-psykisklivraddning-fb-1-080-x-1-350-pixlar-884x800.png",884,800,true],"lucida-featured":["https:\/\/spes.se\/vastrakrets\/wp-content\/uploads\/sites\/10\/2026\/08\/Copy-of-Copy-of-Kopia-av-psykisklivraddning-fb-1-080-x-1-350-pixlar-880x660.png",880,660,true],"lucida-landscape":["https:\/\/spes.se\/vastrakrets\/wp-content\/uploads\/sites\/10\/2026\/08\/Copy-of-Copy-of-Kopia-av-psykisklivraddning-fb-1-080-x-1-350-pixlar-e1786689141468-480x320.png",480,320,true],"lucida-small":["https:\/\/spes.se\/vastrakrets\/wp-content\/uploads\/sites\/10\/2026\/08\/Copy-of-Copy-of-Kopia-av-psykisklivraddning-fb-1-080-x-1-350-pixlar-e1786689141468-90x68.png",90,68,true]},"uagb_author_info":{"display_name":"bgarate","author_link":"https:\/\/spes.se\/vastrakrets\/blog\/author\/bgarate\/"},"uagb_comment_info":0,"uagb_excerpt":"Digital f\u00f6rel\u00e4sning f\u00f6r dig som nyligen f\u00f6rlorat en n\u00e4rst\u00e5ende i suicid Den f\u00f6rsta tiden efter en suicidf\u00f6rlust kan vara mycket omv\u00e4lvande. M\u00e5nga upplever chock, overklighet och en m\u00e4ngd fr\u00e5gor kring b\u00e5de k\u00e4nslor och praktiska saker. Spes forts\u00e4tter nu med v\u00e5r L\u00e4s mer ...","_links":{"self":[{"href":"https:\/\/spes.se\/vastrakrets\/wp-json\/wp\/v2\/posts\/14558","targetHints":{"allow":["GET"]}}],"collection":[{"href":"https:\/\/spes.se\/vastrakrets\/wp-json\/wp\/v2\/posts"}],"about":[{"href":"https:\/\/spes.se\/vastrakrets\/wp-json\/wp\/v2\/types\/post"}],"author":[{"embeddable":true,"href":"https:\/\/spes.se\/vastrakrets\/wp-json\/wp\/v2\/users\/31"}],"replies":[{"embeddable":true,"href":"https:\/\/spes.se\/vastrakrets\/wp-json\/wp\/v2\/comments?post=14558"}],"version-history":[{"count":0,"href":"https:\/\/spes.se\/vastrakrets\/wp-json\/wp\/v2\/posts\/14558\/revisions"}],"wp:featuredmedia":[{"embeddable":true,"href":"https:\/\/spes.se\/vastrakrets\/wp-json\/wp\/v2\/media\/14564"}],"wp:attachment":[{"href":"https:\/\/spes.se\/vastrakrets\/wp-json\/wp\/v2\/media?parent=14558"}],"wp:term":[{"taxonomy":"category","embeddable":true,"href":"https:\/\/spes.se\/vastrakrets\/wp-json\/wp\/v2\/categories?post=14558"},{"taxonomy":"post_tag","embeddable":true,"href":"https:\/\/spes.se\/vastrakrets\/wp-json\/wp\/v2\/tags?post=14558"}],"curies":[{"name":"wp","href":"https:\/\/api.w.org\/{rel}","templated":true}]}}