{"id":14577,"date":"2026-08-21T13:48:50","date_gmt":"2026-08-21T12:48:50","guid":{"rendered":"https:\/\/spes.se\/vastrakrets\/?p=14577"},"modified":"2026-08-27T10:45:35","modified_gmt":"2026-08-27T09:45:35","slug":"10-9-goteborg","status":"publish","type":"post","link":"https:\/\/spes.se\/vastrakrets\/blog\/2026\/08\/21\/10-9-goteborg\/","title":{"rendered":"10\/9 G\u00f6teborg"},"content":{"rendered":"\n<p class=\"wp-block-paragraph\">Var sj\u00e4tte timme tar en m\u00e4nniska sitt liv i Sverige. Tiotusentals f\u00e5r varje \u00e5r beskedet att n\u00e5gon de k\u00e4nner har tagit sitt liv. Med suicidpreventiva dagen vill vi \u00f6ka medvetenheten om ett stort lidande, och visa hur vi tillsammans kan f\u00f6rebygga sj\u00e4lvmord.<\/p>\n\n\n\n<p class=\"wp-block-paragraph\">Den 5 september och den 10 september uppm\u00e4rksammas Suicidpreventiva dagen i G\u00f6teborg. <\/p>\n\n\n\n<p class=\"wp-block-paragraph\"><strong>5 September<\/strong>: <a href=\"https:\/\/share.google\/ZNSHojkQpQ559IcLe\">Nordstan <\/a><\/p>\n\n\n\n<p class=\"wp-block-paragraph\">11.30-18.00 Kom och tr\u00e4ffa oss organisationer, l\u00e4r dig mer om hur vi arbetar<br>suicidpreventivt och f\u00e5 information om vilket st\u00f6d och vilken hj\u00e4lp som finns.<\/p>\n\n\n\n<p class=\"wp-block-paragraph\"><strong>10 September: <\/strong><a href=\"https:\/\/share.google\/8a2X2WD7UA6AL5h26\">G\u00f6teborgs domkyrka <\/a><\/p>\n\n\n\n<p class=\"wp-block-paragraph\">16.30-18.00 Information, fika och m\u00f6jlighet till samtal.<br>18.00-19.00 Ceremoni med textl\u00e4sning, ljust\u00e4ndning och musik av Hellmans Drengar.<br>Vi t\u00e4nder ljus f\u00f6r dem vi saknar, f\u00f6r oss som finns kvar och f\u00f6r dem som k\u00e4mpar.<\/p>\n\n\n\n<div class=\"wp-block-file\"><a id=\"wp-block-file--media-a46f2977-cbac-4581-8d7a-cf5a2f99934f\" href=\"https:\/\/spes.se\/vastrakrets\/wp-content\/smush-avif\/sites\/10\/2026\/08\/Affisch_-10-september_PNG.png.avif\">Program G\u00f6teborg Suicidpreventiva dagen 2026<\/a><a href=\"https:\/\/spes.se\/vastrakrets\/wp-content\/smush-avif\/sites\/10\/2026\/08\/Affisch_-10-september_PNG.png.avif\" class=\"wp-block-file__button wp-element-button\" download aria-describedby=\"wp-block-file--media-a46f2977-cbac-4581-8d7a-cf5a2f99934f\">Ladda ner<\/a><\/div>\n\n\n\n<p class=\"wp-block-paragraph\">Spes V\u00e4stra krets kommer att finnas p\u00e5 plats b\u00e5da dagar samt under flera arrangemang runtom i landet. Vi v\u00e4lkomnar dig som vill veta mer om suicidprevention, Spes och vilket st\u00f6d som finns f\u00f6r den som f\u00f6rlorat n\u00e5gon i suicid.<\/p>\n\n\n\n<p class=\"wp-block-paragraph\">Vi kommer att dela mer information om Suicidpreventiva dagen och v\u00e5ra aktiviteter l\u00f6pande h\u00e4r p\u00e5 hemsidan.<\/p>\n\n\n\n<p class=\"wp-block-paragraph\">L\u00e4s mer om dagen p\u00e5 <a href=\"https:\/\/suicidpreventivadagen.se\">suicidpreventivadagen.se<\/a><\/p>\n\n\n\n<p class=\"wp-block-paragraph\"><strong>Tillsammans f\u00f6rebygger vi sj\u00e4lvmord.<\/strong> \ud83d\udc9c<\/p>\n","protected":false},"excerpt":{"rendered":"<p>Var sj\u00e4tte timme tar en m\u00e4nniska sitt liv i Sverige. Tiotusentals f\u00e5r varje \u00e5r beskedet att n\u00e5gon de k\u00e4nner har tagit sitt liv. Med suicidpreventiva dagen vill vi \u00f6ka medvetenheten om ett stort lidande, och visa hur vi tillsammans kan <a class=\"more-link\" href=\"https:\/\/spes.se\/vastrakrets\/blog\/2026\/08\/21\/10-9-goteborg\/\">L\u00e4s mer &#8230;<\/a><\/p>\n","protected":false},"author":31,"featured_media":14579,"comment_status":"closed","ping_status":"closed","sticky":false,"template":"","format":"standard","meta":{"_uag_custom_page_level_css":"","_coblocks_attr":"","_coblocks_dimensions":"","_coblocks_responsive_height":"","_coblocks_accordion_ie_support":"","wds_primary_category":113,"footnotes":""},"categories":[113],"tags":[],"class_list":["post-14577","post","type-post","status-publish","format-standard","has-post-thumbnail","hentry","category-suicidpreventiva-dagen"],"spectra_custom_meta":{"_uagb_previous_block_counts":["a:90:{s:21:\"uagb\/advanced-heading\";i:0;s:15:\"uagb\/blockquote\";i:0;s:12:\"uagb\/buttons\";i:0;s:18:\"uagb\/buttons-child\";i:0;s:19:\"uagb\/call-to-action\";i:0;s:15:\"uagb\/cf7-styler\";i:0;s:11:\"uagb\/column\";i:0;s:12:\"uagb\/columns\";i:0;s:14:\"uagb\/container\";i:0;s:21:\"uagb\/content-timeline\";i:0;s:27:\"uagb\/content-timeline-child\";i:0;s:14:\"uagb\/countdown\";i:0;s:12:\"uagb\/counter\";i:0;s:8:\"uagb\/faq\";i:0;s:14:\"uagb\/faq-child\";i:0;s:10:\"uagb\/forms\";i:0;s:17:\"uagb\/forms-accept\";i:0;s:19:\"uagb\/forms-checkbox\";i:0;s:15:\"uagb\/forms-date\";i:0;s:16:\"uagb\/forms-email\";i:0;s:17:\"uagb\/forms-hidden\";i:0;s:15:\"uagb\/forms-name\";i:0;s:16:\"uagb\/forms-phone\";i:0;s:16:\"uagb\/forms-radio\";i:0;s:17:\"uagb\/forms-select\";i:0;s:19:\"uagb\/forms-textarea\";i:0;s:17:\"uagb\/forms-toggle\";i:0;s:14:\"uagb\/forms-url\";i:0;s:14:\"uagb\/gf-styler\";i:0;s:15:\"uagb\/google-map\";i:0;s:11:\"uagb\/how-to\";i:0;s:16:\"uagb\/how-to-step\";i:0;s:9:\"uagb\/icon\";i:0;s:14:\"uagb\/icon-list\";i:0;s:20:\"uagb\/icon-list-child\";i:0;s:10:\"uagb\/image\";i:0;s:18:\"uagb\/image-gallery\";i:0;s:13:\"uagb\/info-box\";i:0;s:18:\"uagb\/inline-notice\";i:0;s:11:\"uagb\/lottie\";i:0;s:21:\"uagb\/marketing-button\";i:0;s:10:\"uagb\/modal\";i:0;s:18:\"uagb\/popup-builder\";i:0;s:16:\"uagb\/post-button\";i:0;s:18:\"uagb\/post-carousel\";i:0;s:17:\"uagb\/post-excerpt\";i:0;s:14:\"uagb\/post-grid\";i:0;s:15:\"uagb\/post-image\";i:0;s:17:\"uagb\/post-masonry\";i:0;s:14:\"uagb\/post-meta\";i:0;s:18:\"uagb\/post-taxonomy\";i:0;s:18:\"uagb\/post-timeline\";i:0;s:15:\"uagb\/post-title\";i:0;s:20:\"uagb\/restaurant-menu\";i:0;s:26:\"uagb\/restaurant-menu-child\";i:0;s:11:\"uagb\/review\";i:0;s:12:\"uagb\/section\";i:0;s:14:\"uagb\/separator\";i:0;s:11:\"uagb\/slider\";i:0;s:17:\"uagb\/slider-child\";i:0;s:17:\"uagb\/social-share\";i:0;s:23:\"uagb\/social-share-child\";i:0;s:16:\"uagb\/star-rating\";i:0;s:23:\"uagb\/sure-cart-checkout\";i:0;s:22:\"uagb\/sure-cart-product\";i:0;s:15:\"uagb\/sure-forms\";i:0;s:22:\"uagb\/table-of-contents\";i:0;s:9:\"uagb\/tabs\";i:0;s:15:\"uagb\/tabs-child\";i:0;s:18:\"uagb\/taxonomy-list\";i:0;s:9:\"uagb\/team\";i:0;s:16:\"uagb\/testimonial\";i:0;s:14:\"uagb\/wp-search\";i:0;s:19:\"uagb\/instagram-feed\";i:0;s:10:\"uagb\/login\";i:0;s:17:\"uagb\/loop-builder\";i:0;s:18:\"uagb\/loop-category\";i:0;s:20:\"uagb\/loop-pagination\";i:0;s:15:\"uagb\/loop-reset\";i:0;s:16:\"uagb\/loop-search\";i:0;s:14:\"uagb\/loop-sort\";i:0;s:17:\"uagb\/loop-wrapper\";i:0;s:13:\"uagb\/register\";i:0;s:19:\"uagb\/register-email\";i:0;s:24:\"uagb\/register-first-name\";i:0;s:23:\"uagb\/register-last-name\";i:0;s:22:\"uagb\/register-password\";i:0;s:30:\"uagb\/register-reenter-password\";i:0;s:19:\"uagb\/register-terms\";i:0;s:22:\"uagb\/register-username\";i:0;}"],"_edit_lock":["1787823936:31"],"_thumbnail_id":["14579"],"_edit_last":["31"],"__post_views_count":["48"],"_uag_custom_page_level_css":[""],"_coblocks_attr":[""],"_coblocks_dimensions":[""],"_coblocks_responsive_height":[""],"_coblocks_accordion_ie_support":[""],"wds_primary_category":["113"],"footnotes":[""],"_wds_readability":["a:4:{s:5:\"score\";i:0;s:9:\"raw_score\";b:0;s:11:\"is_readable\";b:0;s:5:\"error\";s:40:\"Your language is currently not supported\";}"],"lucida-layout-option":["default"],"lucida-header-image":["default"],"lucida-sidebar-options":["default-sidebar"],"lucida-featured-image":["default"],"wp-smush-lcp-data-81d64e831cd0ac1304dc7fd83cd1fa2e":["a:6:{s:8:\"selector\";s:12:\".custom-logo\";s:14:\"selector_xpath\";s:45:\"\/html\/body\/div[1]\/header\/div\/div\/div[2]\/a\/img\";s:11:\"selector_id\";s:0:\"\";s:14:\"selector_class\";s:11:\"custom-logo\";s:9:\"image_url\";s:102:\"https:\/\/spes.se\/vastrakrets\/wp-content\/uploads\/sites\/10\/2022\/11\/SPES-logo-liggande-vect-vg-halland.svg\";s:7:\"version\";i:0;}"],"_uag_page_assets":["a:9:{s:3:\"css\";s:0:\"\";s:2:\"js\";s:0:\"\";s:18:\"current_block_list\";a:12:{i:0;s:14:\"core\/paragraph\";i:1;s:9:\"core\/file\";i:2;s:12:\"core\/heading\";i:3;s:14:\"core\/separator\";i:4;s:14:\"core\/shortcode\";i:5;s:12:\"core\/buttons\";i:6;s:11:\"core\/button\";i:7;s:10:\"core\/image\";i:8;s:8:\"core\/rss\";i:9;s:17:\"core\/social-links\";i:10;s:16:\"core\/social-link\";i:11;s:26:\"coblocks\/dynamic-separator\";}s:8:\"uag_flag\";b:0;s:11:\"uag_version\";s:10:\"1788287721\";s:6:\"gfonts\";a:0:{}s:10:\"gfonts_url\";s:0:\"\";s:12:\"gfonts_files\";a:0:{}s:14:\"uag_faq_layout\";b:0;}"]},"uagb_featured_image_src":{"full":["https:\/\/spes.se\/vastrakrets\/wp-content\/uploads\/sites\/10\/2026\/08\/Screenshot-2026-08-21-at-14.31.18-e1787316623334.png",537,299,false],"thumbnail":["https:\/\/spes.se\/vastrakrets\/wp-content\/uploads\/sites\/10\/2026\/08\/Screenshot-2026-08-21-at-14.31.18-e1787316623334-150x150.png",150,150,true],"medium":["https:\/\/spes.se\/vastrakrets\/wp-content\/uploads\/sites\/10\/2026\/08\/Screenshot-2026-08-21-at-14.31.18-e1787316623334-300x167.png",300,167,true],"medium_large":["https:\/\/spes.se\/vastrakrets\/wp-content\/uploads\/sites\/10\/2026\/08\/Screenshot-2026-08-21-at-14.31.18-768x385.png",620,311,true],"large":["https:\/\/spes.se\/vastrakrets\/wp-content\/uploads\/sites\/10\/2026\/08\/Screenshot-2026-08-21-at-14.31.18-620x311.png",620,311,true],"1536x1536":["https:\/\/spes.se\/vastrakrets\/wp-content\/uploads\/sites\/10\/2026\/08\/Screenshot-2026-08-21-at-14.31.18-e1787316623334.png",537,299,false],"2048x2048":["https:\/\/spes.se\/vastrakrets\/wp-content\/uploads\/sites\/10\/2026\/08\/Screenshot-2026-08-21-at-14.31.18-e1787316623334.png",537,299,false],"ultp_layout_landscape_large":["https:\/\/spes.se\/vastrakrets\/wp-content\/uploads\/sites\/10\/2026\/08\/Screenshot-2026-08-21-at-14.31.18-e1787316623334.png",537,299,false],"ultp_layout_landscape":["https:\/\/spes.se\/vastrakrets\/wp-content\/uploads\/sites\/10\/2026\/08\/Screenshot-2026-08-21-at-14.31.18-870x544.png",870,544,true],"ultp_layout_portrait":["https:\/\/spes.se\/vastrakrets\/wp-content\/uploads\/sites\/10\/2026\/08\/Screenshot-2026-08-21-at-14.31.18-600x544.png",600,544,true],"ultp_layout_square":["https:\/\/spes.se\/vastrakrets\/wp-content\/uploads\/sites\/10\/2026\/08\/Screenshot-2026-08-21-at-14.31.18-600x544.png",600,544,true],"post-thumbnail":["https:\/\/spes.se\/vastrakrets\/wp-content\/uploads\/sites\/10\/2026\/08\/Screenshot-2026-08-21-at-14.31.18-620x413.png",620,413,true],"lucida-slider":["https:\/\/spes.se\/vastrakrets\/wp-content\/uploads\/sites\/10\/2026\/08\/Screenshot-2026-08-21-at-14.31.18-e1787316623334.png",537,299,false],"lucida-featured":["https:\/\/spes.se\/vastrakrets\/wp-content\/uploads\/sites\/10\/2026\/08\/Screenshot-2026-08-21-at-14.31.18-880x544.png",880,544,true],"lucida-landscape":["https:\/\/spes.se\/vastrakrets\/wp-content\/uploads\/sites\/10\/2026\/08\/Screenshot-2026-08-21-at-14.31.18-e1787316623334-480x299.png",480,299,true],"lucida-small":["https:\/\/spes.se\/vastrakrets\/wp-content\/uploads\/sites\/10\/2026\/08\/Screenshot-2026-08-21-at-14.31.18-e1787316623334-90x68.png",90,68,true]},"uagb_author_info":{"display_name":"bgarate","author_link":"https:\/\/spes.se\/vastrakrets\/blog\/author\/bgarate\/"},"uagb_comment_info":0,"uagb_excerpt":"Var sj\u00e4tte timme tar en m\u00e4nniska sitt liv i Sverige. Tiotusentals f\u00e5r varje \u00e5r beskedet att n\u00e5gon de k\u00e4nner har tagit sitt liv. Med suicidpreventiva dagen vill vi \u00f6ka medvetenheten om ett stort lidande, och visa hur vi tillsammans kan L\u00e4s mer ...","_links":{"self":[{"href":"https:\/\/spes.se\/vastrakrets\/wp-json\/wp\/v2\/posts\/14577","targetHints":{"allow":["GET"]}}],"collection":[{"href":"https:\/\/spes.se\/vastrakrets\/wp-json\/wp\/v2\/posts"}],"about":[{"href":"https:\/\/spes.se\/vastrakrets\/wp-json\/wp\/v2\/types\/post"}],"author":[{"embeddable":true,"href":"https:\/\/spes.se\/vastrakrets\/wp-json\/wp\/v2\/users\/31"}],"replies":[{"embeddable":true,"href":"https:\/\/spes.se\/vastrakrets\/wp-json\/wp\/v2\/comments?post=14577"}],"version-history":[{"count":0,"href":"https:\/\/spes.se\/vastrakrets\/wp-json\/wp\/v2\/posts\/14577\/revisions"}],"wp:featuredmedia":[{"embeddable":true,"href":"https:\/\/spes.se\/vastrakrets\/wp-json\/wp\/v2\/media\/14579"}],"wp:attachment":[{"href":"https:\/\/spes.se\/vastrakrets\/wp-json\/wp\/v2\/media?parent=14577"}],"wp:term":[{"taxonomy":"category","embeddable":true,"href":"https:\/\/spes.se\/vastrakrets\/wp-json\/wp\/v2\/categories?post=14577"},{"taxonomy":"post_tag","embeddable":true,"href":"https:\/\/spes.se\/vastrakrets\/wp-json\/wp\/v2\/tags?post=14577"}],"curies":[{"name":"wp","href":"https:\/\/api.w.org\/{rel}","templated":true}]}}