{"id":14584,"date":"2026-08-22T13:56:14","date_gmt":"2026-08-22T12:56:14","guid":{"rendered":"https:\/\/spes.se\/vastrakrets\/?p=14584"},"modified":"2026-08-26T09:09:10","modified_gmt":"2026-08-26T08:09:10","slug":"10-9-ulricehamn","status":"publish","type":"post","link":"https:\/\/spes.se\/vastrakrets\/blog\/2026\/08\/22\/10-9-ulricehamn\/","title":{"rendered":"10\/9 Ulricehamn"},"content":{"rendered":"\n<h3 class=\"wp-block-heading\">Suicidpreventiva dagen 2026<\/h3>\n\n\n\n<p class=\"wp-block-paragraph\">Den 10 september uppm\u00e4rksammas Suicidpreventiva dagen. I Ulricehamn arrangeras en eftermiddag och kv\u00e4ll med fokus p\u00e5 psykisk h\u00e4lsa, suicidprevention, gemenskap och minnen.<\/p>\n\n\n\n<p class=\"wp-block-paragraph\"><strong>16.00-18.00 Kaffe och samtal<\/strong><\/p>\n\n\n\n<p class=\"wp-block-paragraph\"><a href=\"https:\/\/share.google\/narciaKtogv3cmAN0\">Stora torget<\/a><\/p>\n\n\n\n<p class=\"wp-block-paragraph\"><em>M\u00f6t representanter fr\u00e5n kommunen, Svenska kyrkan, Suicide Zero, SPES och andra samverkansparter. Ta en kopp kaffe och prata med oss om psykisk h\u00e4lsa och suicidprevention.<\/em><\/p>\n\n\n\n<p class=\"wp-block-paragraph\"><strong>18.00-19.00 Musik, f\u00f6rel\u00e4sning, ljust\u00e4ndning<\/strong><\/p>\n\n\n\n<p class=\"wp-block-paragraph\"><a href=\"https:\/\/share.google\/fHZnlmHjBYhjLSiqo\">Ulricehamns Stadskyrka<\/a><\/p>\n\n\n\n<p class=\"wp-block-paragraph\"><em>F\u00f6rel\u00e4sning<\/em><em>: <\/em><em>Suicidprevention i vardagen (SPIV) <\/em><em>&#8211; Gunnar B\u00f6hm <\/em><em>Musik av Heidi Hallifax<br>Minnesh\u00e4lsning och ljust\u00e4ndning<\/em><\/p>\n\n\n\n<p class=\"wp-block-paragraph\"><strong>19.00-19.30 Avslutning vid minnesplatsen<\/strong><\/p>\n\n\n\n<p class=\"wp-block-paragraph\"><a href=\"https:\/\/www.google.com\/maps\/place\/\/data=!4m2!3m1!1s0x465a850076ad9281:0x1baf93e76d96a47e?sa=X&amp;ved=1t:8290&amp;ictx=111\">Sj\u00f6tr\u00e4dg\u00e5rden<\/a><\/p>\n\n\n\n<p class=\"wp-block-paragraph\"><em>Vi samlas vid minnesplatsen f\u00f6r en gemensam avslutning och <\/em><em>ber\u00e4ttar om <\/em><em>utvecklingen av minnesplatsen.<\/em><\/p>\n\n\n\n<div class=\"wp-block-file\"><a id=\"wp-block-file--media-7d733f08-7f01-4ab9-811c-a2d6f21bf3f1\" href=\"https:\/\/spes.se\/vastrakrets\/wp-content\/uploads\/sites\/10\/securepdfs\/2026\/08\/Suicidpreventiva-dagen-Ulricehamn-2026-Med-QR.pdf\">Program Suicidpreventiva dagen Ulricehamn 2026<\/a><a href=\"https:\/\/spes.se\/vastrakrets\/wp-content\/uploads\/sites\/10\/securepdfs\/2026\/08\/Suicidpreventiva-dagen-Ulricehamn-2026-Med-QR.pdf\" class=\"wp-block-file__button wp-element-button\" download aria-describedby=\"wp-block-file--media-7d733f08-7f01-4ab9-811c-a2d6f21bf3f1\">Ladda ner<\/a><\/div>\n\n\n\n<p class=\"wp-block-paragraph\">Vi kommer att dela mer information om Suicidpreventiva dagen och v\u00e5ra aktiviteter l\u00f6pande.<\/p>\n\n\n\n<p class=\"wp-block-paragraph\">L\u00e4s mer om dagen p\u00e5 <a href=\"https:\/\/suicidpreventivadagen.se\">suicidpreventivadagen.se<\/a><\/p>\n\n\n\n<p class=\"wp-block-paragraph\"><strong>Tillsammans f\u00f6rebygger vi sj\u00e4lvmord.<\/strong> \ud83d\udc9c<\/p>\n","protected":false},"excerpt":{"rendered":"<p>Suicidpreventiva dagen 2026 Den 10 september uppm\u00e4rksammas Suicidpreventiva dagen. I Ulricehamn arrangeras en eftermiddag och kv\u00e4ll med fokus p\u00e5 psykisk h\u00e4lsa, suicidprevention, gemenskap och minnen. 16.00-18.00 Kaffe och samtal Stora torget M\u00f6t representanter fr\u00e5n kommunen, Svenska kyrkan, Suicide Zero, SPES <a class=\"more-link\" href=\"https:\/\/spes.se\/vastrakrets\/blog\/2026\/08\/22\/10-9-ulricehamn\/\">L\u00e4s mer &#8230;<\/a><\/p>\n","protected":false},"author":31,"featured_media":14626,"comment_status":"closed","ping_status":"closed","sticky":false,"template":"","format":"standard","meta":{"_uag_custom_page_level_css":"","_coblocks_attr":"","_coblocks_dimensions":"","_coblocks_responsive_height":"","_coblocks_accordion_ie_support":"","wds_primary_category":1,"footnotes":""},"categories":[113],"tags":[],"class_list":["post-14584","post","type-post","status-publish","format-standard","has-post-thumbnail","hentry","category-suicidpreventiva-dagen"],"spectra_custom_meta":{"_uagb_previous_block_counts":["a:90:{s:21:\"uagb\/advanced-heading\";i:0;s:15:\"uagb\/blockquote\";i:0;s:12:\"uagb\/buttons\";i:0;s:18:\"uagb\/buttons-child\";i:0;s:19:\"uagb\/call-to-action\";i:0;s:15:\"uagb\/cf7-styler\";i:0;s:11:\"uagb\/column\";i:0;s:12:\"uagb\/columns\";i:0;s:14:\"uagb\/container\";i:0;s:21:\"uagb\/content-timeline\";i:0;s:27:\"uagb\/content-timeline-child\";i:0;s:14:\"uagb\/countdown\";i:0;s:12:\"uagb\/counter\";i:0;s:8:\"uagb\/faq\";i:0;s:14:\"uagb\/faq-child\";i:0;s:10:\"uagb\/forms\";i:0;s:17:\"uagb\/forms-accept\";i:0;s:19:\"uagb\/forms-checkbox\";i:0;s:15:\"uagb\/forms-date\";i:0;s:16:\"uagb\/forms-email\";i:0;s:17:\"uagb\/forms-hidden\";i:0;s:15:\"uagb\/forms-name\";i:0;s:16:\"uagb\/forms-phone\";i:0;s:16:\"uagb\/forms-radio\";i:0;s:17:\"uagb\/forms-select\";i:0;s:19:\"uagb\/forms-textarea\";i:0;s:17:\"uagb\/forms-toggle\";i:0;s:14:\"uagb\/forms-url\";i:0;s:14:\"uagb\/gf-styler\";i:0;s:15:\"uagb\/google-map\";i:0;s:11:\"uagb\/how-to\";i:0;s:16:\"uagb\/how-to-step\";i:0;s:9:\"uagb\/icon\";i:0;s:14:\"uagb\/icon-list\";i:0;s:20:\"uagb\/icon-list-child\";i:0;s:10:\"uagb\/image\";i:0;s:18:\"uagb\/image-gallery\";i:0;s:13:\"uagb\/info-box\";i:0;s:18:\"uagb\/inline-notice\";i:0;s:11:\"uagb\/lottie\";i:0;s:21:\"uagb\/marketing-button\";i:0;s:10:\"uagb\/modal\";i:0;s:18:\"uagb\/popup-builder\";i:0;s:16:\"uagb\/post-button\";i:0;s:18:\"uagb\/post-carousel\";i:0;s:17:\"uagb\/post-excerpt\";i:0;s:14:\"uagb\/post-grid\";i:0;s:15:\"uagb\/post-image\";i:0;s:17:\"uagb\/post-masonry\";i:0;s:14:\"uagb\/post-meta\";i:0;s:18:\"uagb\/post-taxonomy\";i:0;s:18:\"uagb\/post-timeline\";i:0;s:15:\"uagb\/post-title\";i:0;s:20:\"uagb\/restaurant-menu\";i:0;s:26:\"uagb\/restaurant-menu-child\";i:0;s:11:\"uagb\/review\";i:0;s:12:\"uagb\/section\";i:0;s:14:\"uagb\/separator\";i:0;s:11:\"uagb\/slider\";i:0;s:17:\"uagb\/slider-child\";i:0;s:17:\"uagb\/social-share\";i:0;s:23:\"uagb\/social-share-child\";i:0;s:16:\"uagb\/star-rating\";i:0;s:23:\"uagb\/sure-cart-checkout\";i:0;s:22:\"uagb\/sure-cart-product\";i:0;s:15:\"uagb\/sure-forms\";i:0;s:22:\"uagb\/table-of-contents\";i:0;s:9:\"uagb\/tabs\";i:0;s:15:\"uagb\/tabs-child\";i:0;s:18:\"uagb\/taxonomy-list\";i:0;s:9:\"uagb\/team\";i:0;s:16:\"uagb\/testimonial\";i:0;s:14:\"uagb\/wp-search\";i:0;s:19:\"uagb\/instagram-feed\";i:0;s:10:\"uagb\/login\";i:0;s:17:\"uagb\/loop-builder\";i:0;s:18:\"uagb\/loop-category\";i:0;s:20:\"uagb\/loop-pagination\";i:0;s:15:\"uagb\/loop-reset\";i:0;s:16:\"uagb\/loop-search\";i:0;s:14:\"uagb\/loop-sort\";i:0;s:17:\"uagb\/loop-wrapper\";i:0;s:13:\"uagb\/register\";i:0;s:19:\"uagb\/register-email\";i:0;s:24:\"uagb\/register-first-name\";i:0;s:23:\"uagb\/register-last-name\";i:0;s:22:\"uagb\/register-password\";i:0;s:30:\"uagb\/register-reenter-password\";i:0;s:19:\"uagb\/register-terms\";i:0;s:22:\"uagb\/register-username\";i:0;}"],"_edit_lock":["1787731751:31"],"_thumbnail_id":["14626"],"_edit_last":["31"],"__post_views_count":["35"],"_wds_readability":["a:4:{s:5:\"score\";i:0;s:9:\"raw_score\";b:0;s:11:\"is_readable\";b:0;s:5:\"error\";s:40:\"Your language is currently not supported\";}"],"_uag_custom_page_level_css":[""],"_coblocks_attr":[""],"_coblocks_dimensions":[""],"_coblocks_responsive_height":[""],"_coblocks_accordion_ie_support":[""],"wds_primary_category":["1"],"footnotes":[""],"lucida-layout-option":["default"],"lucida-header-image":["default"],"lucida-sidebar-options":["default-sidebar"],"lucida-featured-image":["default"],"wp-smush-lcp-data-6a5e495f72b75bcb9538d7087f6cbf2e":["a:6:{s:8:\"selector\";s:12:\".custom-logo\";s:14:\"selector_xpath\";s:45:\"\/html\/body\/div[2]\/header\/div\/div\/div[2]\/a\/img\";s:11:\"selector_id\";s:0:\"\";s:14:\"selector_class\";s:35:\"custom-logo ls-is-cached lazyloaded\";s:9:\"image_url\";s:102:\"https:\/\/spes.se\/vastrakrets\/wp-content\/uploads\/sites\/10\/2022\/11\/SPES-logo-liggande-vect-vg-halland.svg\";s:7:\"version\";i:0;}"],"wp-smush-lcp-data-ff3e45f5108a2510f3d3ab081cf7a884":["a:6:{s:8:\"selector\";s:12:\".custom-logo\";s:14:\"selector_xpath\";s:45:\"\/html\/body\/div[1]\/header\/div\/div\/div[2]\/a\/img\";s:11:\"selector_id\";s:0:\"\";s:14:\"selector_class\";s:35:\"custom-logo ls-is-cached lazyloaded\";s:9:\"image_url\";s:102:\"https:\/\/spes.se\/vastrakrets\/wp-content\/uploads\/sites\/10\/2022\/11\/SPES-logo-liggande-vect-vg-halland.svg\";s:7:\"version\";i:0;}"],"_uag_page_assets":["a:9:{s:3:\"css\";s:0:\"\";s:2:\"js\";s:0:\"\";s:18:\"current_block_list\";a:12:{i:0;s:12:\"core\/heading\";i:1;s:14:\"core\/paragraph\";i:2;s:9:\"core\/file\";i:3;s:14:\"core\/separator\";i:4;s:14:\"core\/shortcode\";i:5;s:12:\"core\/buttons\";i:6;s:11:\"core\/button\";i:7;s:10:\"core\/image\";i:8;s:8:\"core\/rss\";i:9;s:17:\"core\/social-links\";i:10;s:16:\"core\/social-link\";i:11;s:26:\"coblocks\/dynamic-separator\";}s:8:\"uag_flag\";b:0;s:11:\"uag_version\";s:10:\"1788287721\";s:6:\"gfonts\";a:0:{}s:10:\"gfonts_url\";s:0:\"\";s:12:\"gfonts_files\";a:0:{}s:14:\"uag_faq_layout\";b:0;}"]},"uagb_featured_image_src":{"full":["https:\/\/spes.se\/vastrakrets\/wp-content\/uploads\/sites\/10\/2026\/08\/IMG_5834.jpeg",1286,773,false],"thumbnail":["https:\/\/spes.se\/vastrakrets\/wp-content\/uploads\/sites\/10\/2026\/08\/IMG_5834-150x150.jpeg",150,150,true],"medium":["https:\/\/spes.se\/vastrakrets\/wp-content\/uploads\/sites\/10\/2026\/08\/IMG_5834-300x180.jpeg",300,180,true],"medium_large":["https:\/\/spes.se\/vastrakrets\/wp-content\/uploads\/sites\/10\/2026\/08\/IMG_5834-768x462.jpeg",620,373,true],"large":["https:\/\/spes.se\/vastrakrets\/wp-content\/uploads\/sites\/10\/2026\/08\/IMG_5834-620x373.jpeg",620,373,true],"1536x1536":["https:\/\/spes.se\/vastrakrets\/wp-content\/uploads\/sites\/10\/2026\/08\/IMG_5834.jpeg",1286,773,false],"2048x2048":["https:\/\/spes.se\/vastrakrets\/wp-content\/uploads\/sites\/10\/2026\/08\/IMG_5834.jpeg",1286,773,false],"ultp_layout_landscape_large":["https:\/\/spes.se\/vastrakrets\/wp-content\/uploads\/sites\/10\/2026\/08\/IMG_5834-1200x773.jpeg",1200,773,true],"ultp_layout_landscape":["https:\/\/spes.se\/vastrakrets\/wp-content\/uploads\/sites\/10\/2026\/08\/IMG_5834-870x570.jpeg",870,570,true],"ultp_layout_portrait":["https:\/\/spes.se\/vastrakrets\/wp-content\/uploads\/sites\/10\/2026\/08\/IMG_5834-600x773.jpeg",600,773,true],"ultp_layout_square":["https:\/\/spes.se\/vastrakrets\/wp-content\/uploads\/sites\/10\/2026\/08\/IMG_5834-600x600.jpeg",600,600,true],"post-thumbnail":["https:\/\/spes.se\/vastrakrets\/wp-content\/uploads\/sites\/10\/2026\/08\/IMG_5834-620x413.jpeg",620,413,true],"lucida-slider":["https:\/\/spes.se\/vastrakrets\/wp-content\/uploads\/sites\/10\/2026\/08\/IMG_5834.jpeg",1286,773,false],"lucida-featured":["https:\/\/spes.se\/vastrakrets\/wp-content\/uploads\/sites\/10\/2026\/08\/IMG_5834-880x660.jpeg",880,660,true],"lucida-landscape":["https:\/\/spes.se\/vastrakrets\/wp-content\/uploads\/sites\/10\/2026\/08\/IMG_5834-480x320.jpeg",480,320,true],"lucida-small":["https:\/\/spes.se\/vastrakrets\/wp-content\/uploads\/sites\/10\/2026\/08\/IMG_5834-90x68.jpeg",90,68,true]},"uagb_author_info":{"display_name":"bgarate","author_link":"https:\/\/spes.se\/vastrakrets\/blog\/author\/bgarate\/"},"uagb_comment_info":0,"uagb_excerpt":"Suicidpreventiva dagen 2026 Den 10 september uppm\u00e4rksammas Suicidpreventiva dagen. I Ulricehamn arrangeras en eftermiddag och kv\u00e4ll med fokus p\u00e5 psykisk h\u00e4lsa, suicidprevention, gemenskap och minnen. 16.00-18.00 Kaffe och samtal Stora torget M\u00f6t representanter fr\u00e5n kommunen, Svenska kyrkan, Suicide Zero, SPES L\u00e4s mer ...","_links":{"self":[{"href":"https:\/\/spes.se\/vastrakrets\/wp-json\/wp\/v2\/posts\/14584","targetHints":{"allow":["GET"]}}],"collection":[{"href":"https:\/\/spes.se\/vastrakrets\/wp-json\/wp\/v2\/posts"}],"about":[{"href":"https:\/\/spes.se\/vastrakrets\/wp-json\/wp\/v2\/types\/post"}],"author":[{"embeddable":true,"href":"https:\/\/spes.se\/vastrakrets\/wp-json\/wp\/v2\/users\/31"}],"replies":[{"embeddable":true,"href":"https:\/\/spes.se\/vastrakrets\/wp-json\/wp\/v2\/comments?post=14584"}],"version-history":[{"count":0,"href":"https:\/\/spes.se\/vastrakrets\/wp-json\/wp\/v2\/posts\/14584\/revisions"}],"wp:featuredmedia":[{"embeddable":true,"href":"https:\/\/spes.se\/vastrakrets\/wp-json\/wp\/v2\/media\/14626"}],"wp:attachment":[{"href":"https:\/\/spes.se\/vastrakrets\/wp-json\/wp\/v2\/media?parent=14584"}],"wp:term":[{"taxonomy":"category","embeddable":true,"href":"https:\/\/spes.se\/vastrakrets\/wp-json\/wp\/v2\/categories?post=14584"},{"taxonomy":"post_tag","embeddable":true,"href":"https:\/\/spes.se\/vastrakrets\/wp-json\/wp\/v2\/tags?post=14584"}],"curies":[{"name":"wp","href":"https:\/\/api.w.org\/{rel}","templated":true}]}}