{"id":14601,"date":"2026-08-24T10:09:00","date_gmt":"2026-08-24T09:09:00","guid":{"rendered":"https:\/\/spes.se\/vastrakrets\/?p=14601"},"modified":"2026-08-26T09:08:58","modified_gmt":"2026-08-26T08:08:58","slug":"10-9-falkoping","status":"publish","type":"post","link":"https:\/\/spes.se\/vastrakrets\/blog\/2026\/08\/24\/10-9-falkoping\/","title":{"rendered":"10\/9 Falk\u00f6ping"},"content":{"rendered":"\n<p class=\"wp-block-paragraph\">Var sj\u00e4tte timma tar en m\u00e4nniska sitt liv i Sverige. Tiotusentals varje \u00e5r f\u00e5r beskedet att n\u00e5gon de k\u00e4nner har tagit sitt liv. Med suicidpreventiva dagen vill vi \u00f6ka medvetenheten och ge hopp om att vi tillsammans kan f\u00f6rebygga sj\u00e4lvmord. <\/p>\n\n\n\n<p class=\"wp-block-paragraph\">Inf\u00f6r suicidpreventiva dagen 2026 i falk\u00f6ping arrangeras flera evenemang. <\/p>\n\n\n\n<p class=\"wp-block-paragraph\"><strong>Hela vecka 37: <\/strong>UTST\u00c4LLNING: N\u00c4R K\u00c4NSLOR BLIR KONST, <a href=\"https:\/\/share.google\/S4skhc4LtuQZ1Y3qo\">Kulturst\u00e4llet Ryttaren<\/a> <\/p>\n\n\n\n<p class=\"wp-block-paragraph\"><em> Ibland s\u00e4ger en bild, en dikt eller en m\u00e5lning mer \u00e4n ord. Under suicidpreventiva veckan visar vi verk som speglar k\u00e4nslor p\u00e5 olika s\u00e4tt, skapade av m\u00e4nniskor i Falk\u00f6ping. Att dela n\u00e5got personligt kan \u00f6ppna f\u00f6r samtal och ge mod till andra.<\/em><\/p>\n\n\n\n<p class=\"wp-block-paragraph\"><strong>7\/9<\/strong>, kl 18.00, <a href=\"https:\/\/share.google\/S4skhc4LtuQZ1Y3qo\">Kulturst\u00e4llet Ryttaren<\/a><\/p>\n\n\n\n<p class=\"wp-block-paragraph\"><em>Mathias Hansson driver podden B\u00e4sta Livet och har skrivit boken Min lillebror p\u00e5 andra sidan. Efter att ha f\u00f6rlorat sin lillebror i suicid b\u00f6rjade han s\u00f6ka svar kring sorg, psykisk h\u00e4lsa och mening. En personlig och ber\u00f6rande f\u00f6rel\u00e4sning om att ta sig igenom sv\u00e5ra perioder och hitta tillbaka till hoppet.<\/em><\/p>\n\n\n\n<p class=\"wp-block-paragraph\"><strong>Suicidpreventiva dagen 10\/9<\/strong>, kl. 18-20<\/p>\n\n\n\n<p class=\"wp-block-paragraph\">18.00 Ljusmanifestation utanf\u00f6r kyrkan<\/p>\n\n\n\n<p class=\"wp-block-paragraph\">18.30 St\u00e4mningsfull musik med Lisa, Elin och Stefan<\/p>\n\n\n\n<p class=\"wp-block-paragraph\"><em>Vi samlas f\u00f6r att uppm\u00e4rksamma och motverka sj\u00e4lvmord. Kv\u00e4llen inleds med en ljusmanifesta- tion d\u00e4r vi t\u00e4nder ljus f\u00f6r alla som inte orkade, de som k\u00e4mpar, och f\u00f6r oss som finns kvar. D\u00e4refter f\u00f6ljer st\u00e4mningsfull musik med Lisa, Elin och Stefan \u2013 i ett hav av ljus, v\u00e4rme och hopp. En kv\u00e4ll att minnas och m\u00f6tas, d\u00e4r musik och n\u00e4rvaro ger plats f\u00f6r stillhet och styrka.<\/em><br><\/p>\n\n\n\n<div class=\"wp-block-file\"><a id=\"wp-block-file--media-350d6e89-0480-4b92-b3d3-7cf41f8f7c1c\" href=\"https:\/\/spes.se\/vastrakrets\/wp-content\/uploads\/sites\/10\/securepdfs\/2026\/08\/falkoping.pdf\">Program Falk\u00f6ping 10\/9<\/a><a href=\"https:\/\/spes.se\/vastrakrets\/wp-content\/uploads\/sites\/10\/securepdfs\/2026\/08\/falkoping.pdf\" class=\"wp-block-file__button wp-element-button\" download aria-describedby=\"wp-block-file--media-350d6e89-0480-4b92-b3d3-7cf41f8f7c1c\">Ladda ner<\/a><\/div>\n\n\n\n<p class=\"wp-block-paragraph\"><\/p>\n\n\n\n<p class=\"wp-block-paragraph\">Spes V\u00e4stra krets kommer att finnas p\u00e5 plats under dagen samt under flera arrangemang runtom i landet. Vi v\u00e4lkomnar dig som vill veta mer om suicidprevention, Spes och vilket st\u00f6d som finns f\u00f6r den som f\u00f6rlorat n\u00e5gon i suicid.<\/p>\n\n\n\n<p class=\"wp-block-paragraph\">Vi kommer att dela mer information om Suicidpreventiva dagen och v\u00e5ra aktiviteter l\u00f6pande h\u00e4r p\u00e5 hemsidan.<\/p>\n\n\n\n<p class=\"wp-block-paragraph\">L\u00e4s mer om dagen p\u00e5&nbsp;<a href=\"https:\/\/suicidpreventivadagen.se\/\">suicidpreventivadagen.se<\/a><\/p>\n\n\n\n<p class=\"wp-block-paragraph\"><strong>Tillsammans f\u00f6rebygger vi sj\u00e4lvmord.<\/strong>&nbsp;\ud83d\udc9c<\/p>\n","protected":false},"excerpt":{"rendered":"<p>Var sj\u00e4tte timma tar en m\u00e4nniska sitt liv i Sverige. Tiotusentals varje \u00e5r f\u00e5r beskedet att n\u00e5gon de k\u00e4nner har tagit sitt liv. Med suicidpreventiva dagen vill vi \u00f6ka medvetenheten och ge hopp om att vi tillsammans kan f\u00f6rebygga sj\u00e4lvmord. <a class=\"more-link\" href=\"https:\/\/spes.se\/vastrakrets\/blog\/2026\/08\/24\/10-9-falkoping\/\">L\u00e4s mer &#8230;<\/a><\/p>\n","protected":false},"author":31,"featured_media":14604,"comment_status":"closed","ping_status":"closed","sticky":false,"template":"","format":"standard","meta":{"_uag_custom_page_level_css":"","_coblocks_attr":"","_coblocks_dimensions":"","_coblocks_responsive_height":"","_coblocks_accordion_ie_support":"","wds_primary_category":1,"footnotes":""},"categories":[113],"tags":[],"class_list":["post-14601","post","type-post","status-publish","format-standard","has-post-thumbnail","hentry","category-suicidpreventiva-dagen"],"spectra_custom_meta":{"_uagb_previous_block_counts":["a:90:{s:21:\"uagb\/advanced-heading\";i:0;s:15:\"uagb\/blockquote\";i:0;s:12:\"uagb\/buttons\";i:0;s:18:\"uagb\/buttons-child\";i:0;s:19:\"uagb\/call-to-action\";i:0;s:15:\"uagb\/cf7-styler\";i:0;s:11:\"uagb\/column\";i:0;s:12:\"uagb\/columns\";i:0;s:14:\"uagb\/container\";i:0;s:21:\"uagb\/content-timeline\";i:0;s:27:\"uagb\/content-timeline-child\";i:0;s:14:\"uagb\/countdown\";i:0;s:12:\"uagb\/counter\";i:0;s:8:\"uagb\/faq\";i:0;s:14:\"uagb\/faq-child\";i:0;s:10:\"uagb\/forms\";i:0;s:17:\"uagb\/forms-accept\";i:0;s:19:\"uagb\/forms-checkbox\";i:0;s:15:\"uagb\/forms-date\";i:0;s:16:\"uagb\/forms-email\";i:0;s:17:\"uagb\/forms-hidden\";i:0;s:15:\"uagb\/forms-name\";i:0;s:16:\"uagb\/forms-phone\";i:0;s:16:\"uagb\/forms-radio\";i:0;s:17:\"uagb\/forms-select\";i:0;s:19:\"uagb\/forms-textarea\";i:0;s:17:\"uagb\/forms-toggle\";i:0;s:14:\"uagb\/forms-url\";i:0;s:14:\"uagb\/gf-styler\";i:0;s:15:\"uagb\/google-map\";i:0;s:11:\"uagb\/how-to\";i:0;s:16:\"uagb\/how-to-step\";i:0;s:9:\"uagb\/icon\";i:0;s:14:\"uagb\/icon-list\";i:0;s:20:\"uagb\/icon-list-child\";i:0;s:10:\"uagb\/image\";i:0;s:18:\"uagb\/image-gallery\";i:0;s:13:\"uagb\/info-box\";i:0;s:18:\"uagb\/inline-notice\";i:0;s:11:\"uagb\/lottie\";i:0;s:21:\"uagb\/marketing-button\";i:0;s:10:\"uagb\/modal\";i:0;s:18:\"uagb\/popup-builder\";i:0;s:16:\"uagb\/post-button\";i:0;s:18:\"uagb\/post-carousel\";i:0;s:17:\"uagb\/post-excerpt\";i:0;s:14:\"uagb\/post-grid\";i:0;s:15:\"uagb\/post-image\";i:0;s:17:\"uagb\/post-masonry\";i:0;s:14:\"uagb\/post-meta\";i:0;s:18:\"uagb\/post-taxonomy\";i:0;s:18:\"uagb\/post-timeline\";i:0;s:15:\"uagb\/post-title\";i:0;s:20:\"uagb\/restaurant-menu\";i:0;s:26:\"uagb\/restaurant-menu-child\";i:0;s:11:\"uagb\/review\";i:0;s:12:\"uagb\/section\";i:0;s:14:\"uagb\/separator\";i:0;s:11:\"uagb\/slider\";i:0;s:17:\"uagb\/slider-child\";i:0;s:17:\"uagb\/social-share\";i:0;s:23:\"uagb\/social-share-child\";i:0;s:16:\"uagb\/star-rating\";i:0;s:23:\"uagb\/sure-cart-checkout\";i:0;s:22:\"uagb\/sure-cart-product\";i:0;s:15:\"uagb\/sure-forms\";i:0;s:22:\"uagb\/table-of-contents\";i:0;s:9:\"uagb\/tabs\";i:0;s:15:\"uagb\/tabs-child\";i:0;s:18:\"uagb\/taxonomy-list\";i:0;s:9:\"uagb\/team\";i:0;s:16:\"uagb\/testimonial\";i:0;s:14:\"uagb\/wp-search\";i:0;s:19:\"uagb\/instagram-feed\";i:0;s:10:\"uagb\/login\";i:0;s:17:\"uagb\/loop-builder\";i:0;s:18:\"uagb\/loop-category\";i:0;s:20:\"uagb\/loop-pagination\";i:0;s:15:\"uagb\/loop-reset\";i:0;s:16:\"uagb\/loop-search\";i:0;s:14:\"uagb\/loop-sort\";i:0;s:17:\"uagb\/loop-wrapper\";i:0;s:13:\"uagb\/register\";i:0;s:19:\"uagb\/register-email\";i:0;s:24:\"uagb\/register-first-name\";i:0;s:23:\"uagb\/register-last-name\";i:0;s:22:\"uagb\/register-password\";i:0;s:30:\"uagb\/register-reenter-password\";i:0;s:19:\"uagb\/register-terms\";i:0;s:22:\"uagb\/register-username\";i:0;}"],"_edit_lock":["1787731740:31"],"_thumbnail_id":["14604"],"_edit_last":["31"],"_uag_custom_page_level_css":[""],"_coblocks_attr":[""],"_coblocks_dimensions":[""],"_coblocks_responsive_height":[""],"_coblocks_accordion_ie_support":[""],"wds_primary_category":["1"],"footnotes":[""],"lucida-layout-option":["default"],"lucida-header-image":["default"],"lucida-sidebar-options":["default-sidebar"],"lucida-featured-image":["default"],"__post_views_count":["37"],"_wds_readability":["a:4:{s:5:\"score\";i:0;s:9:\"raw_score\";b:0;s:11:\"is_readable\";b:0;s:5:\"error\";s:40:\"Your language is currently not supported\";}"],"_uag_page_assets":["a:9:{s:3:\"css\";s:0:\"\";s:2:\"js\";s:0:\"\";s:18:\"current_block_list\";a:12:{i:0;s:14:\"core\/paragraph\";i:1;s:9:\"core\/file\";i:2;s:12:\"core\/heading\";i:3;s:14:\"core\/separator\";i:4;s:14:\"core\/shortcode\";i:5;s:12:\"core\/buttons\";i:6;s:11:\"core\/button\";i:7;s:10:\"core\/image\";i:8;s:8:\"core\/rss\";i:9;s:17:\"core\/social-links\";i:10;s:16:\"core\/social-link\";i:11;s:26:\"coblocks\/dynamic-separator\";}s:8:\"uag_flag\";b:0;s:11:\"uag_version\";s:10:\"1788287721\";s:6:\"gfonts\";a:0:{}s:10:\"gfonts_url\";s:0:\"\";s:12:\"gfonts_files\";a:0:{}s:14:\"uag_faq_layout\";b:0;}"]},"uagb_featured_image_src":{"full":["https:\/\/spes.se\/vastrakrets\/wp-content\/uploads\/sites\/10\/2026\/08\/Screenshot-2026-08-21-at-16.17.48.png",1152,638,false],"thumbnail":["https:\/\/spes.se\/vastrakrets\/wp-content\/uploads\/sites\/10\/2026\/08\/Screenshot-2026-08-21-at-16.17.48-150x150.png",150,150,true],"medium":["https:\/\/spes.se\/vastrakrets\/wp-content\/uploads\/sites\/10\/2026\/08\/Screenshot-2026-08-21-at-16.17.48-300x166.png",300,166,true],"medium_large":["https:\/\/spes.se\/vastrakrets\/wp-content\/uploads\/sites\/10\/2026\/08\/Screenshot-2026-08-21-at-16.17.48-768x425.png",620,343,true],"large":["https:\/\/spes.se\/vastrakrets\/wp-content\/uploads\/sites\/10\/2026\/08\/Screenshot-2026-08-21-at-16.17.48-620x343.png",620,343,true],"1536x1536":["https:\/\/spes.se\/vastrakrets\/wp-content\/uploads\/sites\/10\/2026\/08\/Screenshot-2026-08-21-at-16.17.48.png",1152,638,false],"2048x2048":["https:\/\/spes.se\/vastrakrets\/wp-content\/uploads\/sites\/10\/2026\/08\/Screenshot-2026-08-21-at-16.17.48.png",1152,638,false],"ultp_layout_landscape_large":["https:\/\/spes.se\/vastrakrets\/wp-content\/uploads\/sites\/10\/2026\/08\/Screenshot-2026-08-21-at-16.17.48.png",1152,638,false],"ultp_layout_landscape":["https:\/\/spes.se\/vastrakrets\/wp-content\/uploads\/sites\/10\/2026\/08\/Screenshot-2026-08-21-at-16.17.48-870x570.png",870,570,true],"ultp_layout_portrait":["https:\/\/spes.se\/vastrakrets\/wp-content\/uploads\/sites\/10\/2026\/08\/Screenshot-2026-08-21-at-16.17.48-600x638.png",600,638,true],"ultp_layout_square":["https:\/\/spes.se\/vastrakrets\/wp-content\/uploads\/sites\/10\/2026\/08\/Screenshot-2026-08-21-at-16.17.48-600x600.png",600,600,true],"post-thumbnail":["https:\/\/spes.se\/vastrakrets\/wp-content\/uploads\/sites\/10\/2026\/08\/Screenshot-2026-08-21-at-16.17.48-620x413.png",620,413,true],"lucida-slider":["https:\/\/spes.se\/vastrakrets\/wp-content\/uploads\/sites\/10\/2026\/08\/Screenshot-2026-08-21-at-16.17.48.png",1152,638,false],"lucida-featured":["https:\/\/spes.se\/vastrakrets\/wp-content\/uploads\/sites\/10\/2026\/08\/Screenshot-2026-08-21-at-16.17.48-880x638.png",880,638,true],"lucida-landscape":["https:\/\/spes.se\/vastrakrets\/wp-content\/uploads\/sites\/10\/2026\/08\/Screenshot-2026-08-21-at-16.17.48-480x320.png",480,320,true],"lucida-small":["https:\/\/spes.se\/vastrakrets\/wp-content\/uploads\/sites\/10\/2026\/08\/Screenshot-2026-08-21-at-16.17.48-90x68.png",90,68,true]},"uagb_author_info":{"display_name":"bgarate","author_link":"https:\/\/spes.se\/vastrakrets\/blog\/author\/bgarate\/"},"uagb_comment_info":0,"uagb_excerpt":"Var sj\u00e4tte timma tar en m\u00e4nniska sitt liv i Sverige. Tiotusentals varje \u00e5r f\u00e5r beskedet att n\u00e5gon de k\u00e4nner har tagit sitt liv. Med suicidpreventiva dagen vill vi \u00f6ka medvetenheten och ge hopp om att vi tillsammans kan f\u00f6rebygga sj\u00e4lvmord. L\u00e4s mer ...","_links":{"self":[{"href":"https:\/\/spes.se\/vastrakrets\/wp-json\/wp\/v2\/posts\/14601","targetHints":{"allow":["GET"]}}],"collection":[{"href":"https:\/\/spes.se\/vastrakrets\/wp-json\/wp\/v2\/posts"}],"about":[{"href":"https:\/\/spes.se\/vastrakrets\/wp-json\/wp\/v2\/types\/post"}],"author":[{"embeddable":true,"href":"https:\/\/spes.se\/vastrakrets\/wp-json\/wp\/v2\/users\/31"}],"replies":[{"embeddable":true,"href":"https:\/\/spes.se\/vastrakrets\/wp-json\/wp\/v2\/comments?post=14601"}],"version-history":[{"count":0,"href":"https:\/\/spes.se\/vastrakrets\/wp-json\/wp\/v2\/posts\/14601\/revisions"}],"wp:featuredmedia":[{"embeddable":true,"href":"https:\/\/spes.se\/vastrakrets\/wp-json\/wp\/v2\/media\/14604"}],"wp:attachment":[{"href":"https:\/\/spes.se\/vastrakrets\/wp-json\/wp\/v2\/media?parent=14601"}],"wp:term":[{"taxonomy":"category","embeddable":true,"href":"https:\/\/spes.se\/vastrakrets\/wp-json\/wp\/v2\/categories?post=14601"},{"taxonomy":"post_tag","embeddable":true,"href":"https:\/\/spes.se\/vastrakrets\/wp-json\/wp\/v2\/tags?post=14601"}],"curies":[{"name":"wp","href":"https:\/\/api.w.org\/{rel}","templated":true}]}}