{"id":14631,"date":"2026-08-27T08:49:16","date_gmt":"2026-08-27T07:49:16","guid":{"rendered":"https:\/\/spes.se\/vastrakrets\/?p=14631"},"modified":"2026-08-26T09:14:01","modified_gmt":"2026-08-26T08:14:01","slug":"10-9-skene","status":"publish","type":"post","link":"https:\/\/spes.se\/vastrakrets\/blog\/2026\/08\/27\/10-9-skene\/","title":{"rendered":"10\/9 Skene"},"content":{"rendered":"\n<p class=\"wp-block-paragraph\">Var sj\u00e4tte timme tar en m\u00e4nniska sitt liv i Sverige. Tiotusentals f\u00e5r varje \u00e5r beskedet att n\u00e5gon de k\u00e4nner har tagit sitt liv. Med Suicidpreventiva dagen vill vi \u00f6ka medvetenheten om ett stort lidande och visa hur vi tillsammans kan f\u00f6rebygga sj\u00e4lvmord.<\/p>\n\n\n\n<p class=\"wp-block-paragraph\">Den 10 september uppm\u00e4rksammas Suicidpreventiva dagen i Marks Kommun i <a href=\"https:\/\/maps.app.goo.gl\/Z36oxADTJ1hKT23S8\">Skene kyrka. <\/a><\/p>\n\n\n\n<p class=\"wp-block-paragraph\"><strong>10 September: <a href=\"https:\/\/maps.app.goo.gl\/Z36oxADTJ1hKT23S8\">Skene Kyrka<\/a><\/strong><\/p>\n\n\n\n<p class=\"wp-block-paragraph\">18-18.30: V\u00e4lkomsth\u00e4lsning och presentationer<\/p>\n\n\n\n<p class=\"wp-block-paragraph\">18.30-19: Musikframtr\u00e4dande av Monique<\/p>\n\n\n\n<p class=\"wp-block-paragraph\">19-19.50: M\u00f6jlighet till ljust\u00e4ndning, stillhet, fika och samtal <\/p>\n\n\n\n<p class=\"wp-block-paragraph\">19.50-20: Avslutande ord <\/p>\n\n\n\n<div class=\"wp-block-file\"><a id=\"wp-block-file--media-123d9427-7d48-496e-a0df-a41a2a5d1c64\" href=\"https:\/\/spes.se\/vastrakrets\/wp-content\/smush-avif\/sites\/10\/2026\/08\/IMG_5862.jpg.avif\">Program Marks kommun Suicidpreventiva dagen<\/a><a href=\"https:\/\/spes.se\/vastrakrets\/wp-content\/smush-avif\/sites\/10\/2026\/08\/IMG_5862.jpg.avif\" class=\"wp-block-file__button wp-element-button\" download aria-describedby=\"wp-block-file--media-123d9427-7d48-496e-a0df-a41a2a5d1c64\">Ladda ner<\/a><\/div>\n\n\n\n<p class=\"wp-block-paragraph\">Arrangemanget \u00e4r ett samarbete mellan Svenska kyrkan, Marks kommun, Spes v\u00e4stra krets och Suicide Zero.<\/p>\n\n\n\n<p class=\"wp-block-paragraph\">Spes V\u00e4stra krets kommer att dela mer information om Suicidpreventiva dagen och v\u00e5ra aktiviteter l\u00f6pande h\u00e4r p\u00e5 hemsidan.<\/p>\n\n\n\n<p class=\"wp-block-paragraph\">L\u00e4s mer om dagen p\u00e5 <a href=\"https:\/\/suicidpreventivadagen.se\/\">suicidpreventivadagen.se<\/a><\/p>\n\n\n\n<p class=\"wp-block-paragraph\"><strong>Tillsammans f\u00f6rebygger vi sj\u00e4lvmord.<\/strong> \ud83d\udc9c<\/p>\n\n\n\n<p class=\"wp-block-paragraph\"><\/p>\n","protected":false},"excerpt":{"rendered":"<p>Var sj\u00e4tte timme tar en m\u00e4nniska sitt liv i Sverige. Tiotusentals f\u00e5r varje \u00e5r beskedet att n\u00e5gon de k\u00e4nner har tagit sitt liv. Med Suicidpreventiva dagen vill vi \u00f6ka medvetenheten om ett stort lidande och visa hur vi tillsammans kan <a class=\"more-link\" href=\"https:\/\/spes.se\/vastrakrets\/blog\/2026\/08\/27\/10-9-skene\/\">L\u00e4s mer &#8230;<\/a><\/p>\n","protected":false},"author":31,"featured_media":14633,"comment_status":"closed","ping_status":"closed","sticky":false,"template":"","format":"standard","meta":{"_uag_custom_page_level_css":"","_coblocks_attr":"","_coblocks_dimensions":"","_coblocks_responsive_height":"","_coblocks_accordion_ie_support":"","wds_primary_category":113,"footnotes":""},"categories":[113],"tags":[],"class_list":["post-14631","post","type-post","status-publish","format-standard","has-post-thumbnail","hentry","category-suicidpreventiva-dagen"],"spectra_custom_meta":{"_uagb_previous_block_counts":["a:90:{s:21:\"uagb\/advanced-heading\";i:0;s:15:\"uagb\/blockquote\";i:0;s:12:\"uagb\/buttons\";i:0;s:18:\"uagb\/buttons-child\";i:0;s:19:\"uagb\/call-to-action\";i:0;s:15:\"uagb\/cf7-styler\";i:0;s:11:\"uagb\/column\";i:0;s:12:\"uagb\/columns\";i:0;s:14:\"uagb\/container\";i:0;s:21:\"uagb\/content-timeline\";i:0;s:27:\"uagb\/content-timeline-child\";i:0;s:14:\"uagb\/countdown\";i:0;s:12:\"uagb\/counter\";i:0;s:8:\"uagb\/faq\";i:0;s:14:\"uagb\/faq-child\";i:0;s:10:\"uagb\/forms\";i:0;s:17:\"uagb\/forms-accept\";i:0;s:19:\"uagb\/forms-checkbox\";i:0;s:15:\"uagb\/forms-date\";i:0;s:16:\"uagb\/forms-email\";i:0;s:17:\"uagb\/forms-hidden\";i:0;s:15:\"uagb\/forms-name\";i:0;s:16:\"uagb\/forms-phone\";i:0;s:16:\"uagb\/forms-radio\";i:0;s:17:\"uagb\/forms-select\";i:0;s:19:\"uagb\/forms-textarea\";i:0;s:17:\"uagb\/forms-toggle\";i:0;s:14:\"uagb\/forms-url\";i:0;s:14:\"uagb\/gf-styler\";i:0;s:15:\"uagb\/google-map\";i:0;s:11:\"uagb\/how-to\";i:0;s:16:\"uagb\/how-to-step\";i:0;s:9:\"uagb\/icon\";i:0;s:14:\"uagb\/icon-list\";i:0;s:20:\"uagb\/icon-list-child\";i:0;s:10:\"uagb\/image\";i:0;s:18:\"uagb\/image-gallery\";i:0;s:13:\"uagb\/info-box\";i:0;s:18:\"uagb\/inline-notice\";i:0;s:11:\"uagb\/lottie\";i:0;s:21:\"uagb\/marketing-button\";i:0;s:10:\"uagb\/modal\";i:0;s:18:\"uagb\/popup-builder\";i:0;s:16:\"uagb\/post-button\";i:0;s:18:\"uagb\/post-carousel\";i:0;s:17:\"uagb\/post-excerpt\";i:0;s:14:\"uagb\/post-grid\";i:0;s:15:\"uagb\/post-image\";i:0;s:17:\"uagb\/post-masonry\";i:0;s:14:\"uagb\/post-meta\";i:0;s:18:\"uagb\/post-taxonomy\";i:0;s:18:\"uagb\/post-timeline\";i:0;s:15:\"uagb\/post-title\";i:0;s:20:\"uagb\/restaurant-menu\";i:0;s:26:\"uagb\/restaurant-menu-child\";i:0;s:11:\"uagb\/review\";i:0;s:12:\"uagb\/section\";i:0;s:14:\"uagb\/separator\";i:0;s:11:\"uagb\/slider\";i:0;s:17:\"uagb\/slider-child\";i:0;s:17:\"uagb\/social-share\";i:0;s:23:\"uagb\/social-share-child\";i:0;s:16:\"uagb\/star-rating\";i:0;s:23:\"uagb\/sure-cart-checkout\";i:0;s:22:\"uagb\/sure-cart-product\";i:0;s:15:\"uagb\/sure-forms\";i:0;s:22:\"uagb\/table-of-contents\";i:0;s:9:\"uagb\/tabs\";i:0;s:15:\"uagb\/tabs-child\";i:0;s:18:\"uagb\/taxonomy-list\";i:0;s:9:\"uagb\/team\";i:0;s:16:\"uagb\/testimonial\";i:0;s:14:\"uagb\/wp-search\";i:0;s:19:\"uagb\/instagram-feed\";i:0;s:10:\"uagb\/login\";i:0;s:17:\"uagb\/loop-builder\";i:0;s:18:\"uagb\/loop-category\";i:0;s:20:\"uagb\/loop-pagination\";i:0;s:15:\"uagb\/loop-reset\";i:0;s:16:\"uagb\/loop-search\";i:0;s:14:\"uagb\/loop-sort\";i:0;s:17:\"uagb\/loop-wrapper\";i:0;s:13:\"uagb\/register\";i:0;s:19:\"uagb\/register-email\";i:0;s:24:\"uagb\/register-first-name\";i:0;s:23:\"uagb\/register-last-name\";i:0;s:22:\"uagb\/register-password\";i:0;s:30:\"uagb\/register-reenter-password\";i:0;s:19:\"uagb\/register-terms\";i:0;s:22:\"uagb\/register-username\";i:0;}"],"_edit_lock":["1787732042:31"],"_thumbnail_id":["14633"],"_edit_last":["31"],"__post_views_count":["21"],"_uag_custom_page_level_css":[""],"_coblocks_attr":[""],"_coblocks_dimensions":[""],"_coblocks_responsive_height":[""],"_coblocks_accordion_ie_support":[""],"wds_primary_category":["113"],"footnotes":[""],"_wds_readability":["a:4:{s:5:\"score\";i:0;s:9:\"raw_score\";b:0;s:11:\"is_readable\";b:0;s:5:\"error\";s:40:\"Your language is currently not supported\";}"],"lucida-layout-option":["default"],"lucida-header-image":["default"],"lucida-sidebar-options":["default-sidebar"],"lucida-featured-image":["default"],"wp-smush-lcp-data-e1089552b5a93679148ed12097159183":["a:6:{s:8:\"selector\";s:12:\".custom-logo\";s:14:\"selector_xpath\";s:45:\"\/html\/body\/div[1]\/header\/div\/div\/div[2]\/a\/img\";s:11:\"selector_id\";s:0:\"\";s:14:\"selector_class\";s:22:\"custom-logo lazyloaded\";s:9:\"image_url\";s:102:\"https:\/\/spes.se\/vastrakrets\/wp-content\/uploads\/sites\/10\/2022\/11\/SPES-logo-liggande-vect-vg-halland.svg\";s:7:\"version\";i:0;}"],"wp-smush-lcp-data-cdd2a771b9e8cd6564e939c52192c40a":["a:6:{s:8:\"selector\";s:12:\".custom-logo\";s:14:\"selector_xpath\";s:45:\"\/html\/body\/div[1]\/header\/div\/div\/div[2]\/a\/img\";s:11:\"selector_id\";s:0:\"\";s:14:\"selector_class\";s:22:\"custom-logo lazyloaded\";s:9:\"image_url\";s:102:\"https:\/\/spes.se\/vastrakrets\/wp-content\/uploads\/sites\/10\/2022\/11\/SPES-logo-liggande-vect-vg-halland.svg\";s:7:\"version\";i:0;}"],"_uag_page_assets":["a:9:{s:3:\"css\";s:0:\"\";s:2:\"js\";s:0:\"\";s:18:\"current_block_list\";a:12:{i:0;s:14:\"core\/paragraph\";i:1;s:9:\"core\/file\";i:2;s:12:\"core\/heading\";i:3;s:14:\"core\/separator\";i:4;s:14:\"core\/shortcode\";i:5;s:12:\"core\/buttons\";i:6;s:11:\"core\/button\";i:7;s:10:\"core\/image\";i:8;s:8:\"core\/rss\";i:9;s:17:\"core\/social-links\";i:10;s:16:\"core\/social-link\";i:11;s:26:\"coblocks\/dynamic-separator\";}s:8:\"uag_flag\";b:0;s:11:\"uag_version\";s:10:\"1788287721\";s:6:\"gfonts\";a:0:{}s:10:\"gfonts_url\";s:0:\"\";s:12:\"gfonts_files\";a:0:{}s:14:\"uag_faq_layout\";b:0;}"]},"uagb_featured_image_src":{"full":["https:\/\/spes.se\/vastrakrets\/wp-content\/uploads\/sites\/10\/2026\/08\/IMG_5865.jpg",1434,890,false],"thumbnail":["https:\/\/spes.se\/vastrakrets\/wp-content\/uploads\/sites\/10\/2026\/08\/IMG_5865-150x150.jpg",150,150,true],"medium":["https:\/\/spes.se\/vastrakrets\/wp-content\/uploads\/sites\/10\/2026\/08\/IMG_5865-300x186.jpg",300,186,true],"medium_large":["https:\/\/spes.se\/vastrakrets\/wp-content\/uploads\/sites\/10\/2026\/08\/IMG_5865-768x477.jpg",620,385,true],"large":["https:\/\/spes.se\/vastrakrets\/wp-content\/uploads\/sites\/10\/2026\/08\/IMG_5865-620x385.jpg",620,385,true],"1536x1536":["https:\/\/spes.se\/vastrakrets\/wp-content\/uploads\/sites\/10\/2026\/08\/IMG_5865.jpg",1434,890,false],"2048x2048":["https:\/\/spes.se\/vastrakrets\/wp-content\/uploads\/sites\/10\/2026\/08\/IMG_5865.jpg",1434,890,false],"ultp_layout_landscape_large":["https:\/\/spes.se\/vastrakrets\/wp-content\/uploads\/sites\/10\/2026\/08\/IMG_5865-1200x800.jpg",1200,800,true],"ultp_layout_landscape":["https:\/\/spes.se\/vastrakrets\/wp-content\/uploads\/sites\/10\/2026\/08\/IMG_5865-870x570.jpg",870,570,true],"ultp_layout_portrait":["https:\/\/spes.se\/vastrakrets\/wp-content\/uploads\/sites\/10\/2026\/08\/IMG_5865-600x890.jpg",600,890,true],"ultp_layout_square":["https:\/\/spes.se\/vastrakrets\/wp-content\/uploads\/sites\/10\/2026\/08\/IMG_5865-600x600.jpg",600,600,true],"post-thumbnail":["https:\/\/spes.se\/vastrakrets\/wp-content\/uploads\/sites\/10\/2026\/08\/IMG_5865-620x413.jpg",620,413,true],"lucida-slider":["https:\/\/spes.se\/vastrakrets\/wp-content\/uploads\/sites\/10\/2026\/08\/IMG_5865-1434x800.jpg",1434,800,true],"lucida-featured":["https:\/\/spes.se\/vastrakrets\/wp-content\/uploads\/sites\/10\/2026\/08\/IMG_5865-880x660.jpg",880,660,true],"lucida-landscape":["https:\/\/spes.se\/vastrakrets\/wp-content\/uploads\/sites\/10\/2026\/08\/IMG_5865-480x320.jpg",480,320,true],"lucida-small":["https:\/\/spes.se\/vastrakrets\/wp-content\/uploads\/sites\/10\/2026\/08\/IMG_5865-90x68.jpg",90,68,true]},"uagb_author_info":{"display_name":"bgarate","author_link":"https:\/\/spes.se\/vastrakrets\/blog\/author\/bgarate\/"},"uagb_comment_info":0,"uagb_excerpt":"Var sj\u00e4tte timme tar en m\u00e4nniska sitt liv i Sverige. Tiotusentals f\u00e5r varje \u00e5r beskedet att n\u00e5gon de k\u00e4nner har tagit sitt liv. Med Suicidpreventiva dagen vill vi \u00f6ka medvetenheten om ett stort lidande och visa hur vi tillsammans kan L\u00e4s mer ...","_links":{"self":[{"href":"https:\/\/spes.se\/vastrakrets\/wp-json\/wp\/v2\/posts\/14631","targetHints":{"allow":["GET"]}}],"collection":[{"href":"https:\/\/spes.se\/vastrakrets\/wp-json\/wp\/v2\/posts"}],"about":[{"href":"https:\/\/spes.se\/vastrakrets\/wp-json\/wp\/v2\/types\/post"}],"author":[{"embeddable":true,"href":"https:\/\/spes.se\/vastrakrets\/wp-json\/wp\/v2\/users\/31"}],"replies":[{"embeddable":true,"href":"https:\/\/spes.se\/vastrakrets\/wp-json\/wp\/v2\/comments?post=14631"}],"version-history":[{"count":0,"href":"https:\/\/spes.se\/vastrakrets\/wp-json\/wp\/v2\/posts\/14631\/revisions"}],"wp:featuredmedia":[{"embeddable":true,"href":"https:\/\/spes.se\/vastrakrets\/wp-json\/wp\/v2\/media\/14633"}],"wp:attachment":[{"href":"https:\/\/spes.se\/vastrakrets\/wp-json\/wp\/v2\/media?parent=14631"}],"wp:term":[{"taxonomy":"category","embeddable":true,"href":"https:\/\/spes.se\/vastrakrets\/wp-json\/wp\/v2\/categories?post=14631"},{"taxonomy":"post_tag","embeddable":true,"href":"https:\/\/spes.se\/vastrakrets\/wp-json\/wp\/v2\/tags?post=14631"}],"curies":[{"name":"wp","href":"https:\/\/api.w.org\/{rel}","templated":true}]}}