{"id":14656,"date":"2026-08-28T10:28:52","date_gmt":"2026-08-28T09:28:52","guid":{"rendered":"https:\/\/spes.se\/vastrakrets\/?p=14656"},"modified":"2026-08-28T10:31:07","modified_gmt":"2026-08-28T09:31:07","slug":"alingsas-8-10-9","status":"publish","type":"post","link":"https:\/\/spes.se\/vastrakrets\/blog\/2026\/08\/28\/alingsas-8-10-9\/","title":{"rendered":"8-10\/9 Alings\u00e5s"},"content":{"rendered":"\n<p class=\"wp-block-paragraph\">Inf\u00f6r den 10 september uppm\u00e4rksammas Suicidpreventiva dagen i Alings\u00e5s. Det arrangeras tv\u00e5 dagar av f\u00f6rel\u00e4sningar, samtal och information om suicidprevention, psykisk h\u00e4lsa och \u00e5terh\u00e4mtning. Temat f\u00f6r h\u00e4lsoveckan \u00e4r \u00e5terh\u00e4mtning och sj\u00e4lvuppbyggnad. Det kommer finnas sopplunch fr\u00e5n kl.12 f\u00f6r 75kr och kaffe\/te. <a href=\"https:\/\/www.alingsas.se\/event\/halsoveckan-tema-aterhamtning-och-sjalvuppbyggnad\">L\u00e4s mer h\u00e4r<\/a><\/p>\n\n\n\n<p class=\"wp-block-paragraph\">Den 10\/9 arrangeras \u00e4ven en ljusmanifestation p\u00e5<a href=\"https:\/\/share.google\/CNjVPC9tBDWcrFUW9\"> Stora Torget <\/a>och en musikandakt i <a href=\"https:\/\/maps.app.goo.gl\/rLGXexYpVeFEaYH46\">Christinae kyrka<\/a> f\u00f6r dem vi f\u00f6rlorat, f\u00f6r de som l\u00e4mnats kvar och f\u00f6r alla som k\u00e4mpar.<\/p>\n\n\n\n<p class=\"wp-block-paragraph\"><strong>Program: <\/strong><\/p>\n\n\n\n<p class=\"has-text-align-left wp-block-paragraph\" style=\"font-size:17px\"><strong>8\/9, kl. <\/strong>10.30-15.30 <a href=\"https:\/\/share.google\/wWlA3jzu3Ve6QtO7x\">Aktivitetshuset Gl\u00e4ntan<\/a><\/p>\n\n\n\n<p class=\"wp-block-paragraph\">Tema: Egenv\u00e4rde<\/p>\n\n\n\n<p class=\"wp-block-paragraph\"><em>Fokus p\u00e5 sj\u00e4lvk\u00e4nsla, \u00e5terh\u00e4mtning och att st\u00e4rka sig sj\u00e4lv.<\/em><\/p>\n\n\n\n<p class=\"wp-block-paragraph\"><\/p>\n\n\n\n<p class=\"wp-block-paragraph\"><\/p>\n\n\n\n<p class=\"has-text-align-left wp-block-paragraph\" style=\"font-size:17px\"><strong>9\/9, <\/strong>kl. 10.30-15.30, <a href=\"https:\/\/share.google\/wWlA3jzu3Ve6QtO7x\">Aktivitetshuset Gl\u00e4ntan<\/a><\/p>\n\n\n\n<p class=\"wp-block-paragraph\">Tema: Goda vanor <\/p>\n\n\n\n<p class=\"wp-block-paragraph\"><em>Inspiration och konkreta tips f\u00f6r h\u00e5llbara vanor som fr\u00e4mjar h\u00e4lsa och v\u00e4lm\u00e5ende.<\/em><\/p>\n\n\n\n<p class=\"wp-block-paragraph\">H\u00e4lsoveckan arrangeras av Socialf\u00f6rvaltningen. <a href=\"https:\/\/www.alingsas.se\/event\/halsoveckan-tema-aterhamtning-och-sjalvuppbyggnad\/\">L\u00e4s hela programmet h\u00e4r<\/a><\/p>\n\n\n\n<div class=\"wp-block-file\"><a id=\"wp-block-file--media-ce34a186-4e01-4726-88d6-8f487cbd59bd\" href=\"https:\/\/spes.se\/vastrakrets\/wp-content\/uploads\/sites\/10\/securepdfs\/2026\/08\/Program-Halsoveckan_KLART.pdf\">Program Ha\u0308lsoveckan Alings\u00e5s<\/a><a href=\"https:\/\/spes.se\/vastrakrets\/wp-content\/uploads\/sites\/10\/securepdfs\/2026\/08\/Program-Halsoveckan_KLART.pdf\" class=\"wp-block-file__button wp-element-button\" download aria-describedby=\"wp-block-file--media-ce34a186-4e01-4726-88d6-8f487cbd59bd\">Ladda ner<\/a><\/div>\n\n\n\n<p class=\"wp-block-paragraph\"><\/p>\n\n\n\n<p class=\"wp-block-paragraph\"><\/p>\n\n\n\n<p class=\"has-text-align-left wp-block-paragraph\" style=\"font-size:17px\"><strong>10\/9, <\/strong>kl. 18 <a href=\"https:\/\/share.google\/hYPm0timWWsFiQDIq\">Stora Torget<\/a>\/<a href=\"https:\/\/share.google\/yG7uGTObH9aJNU61L\">Norra Str\u00f6mgatan<\/a><\/p>\n\n\n\n<p class=\"wp-block-paragraph\"><em>Ljusmanifestation<\/em><\/p>\n\n\n\n<p class=\"wp-block-paragraph\">Arrang\u00f6rer: Svenska kurkan, R\u00e4ddningstj\u00e4nsten, Polisen, V\u00e4stra G\u00f6talandaregionen<\/p>\n\n\n\n<div class=\"wp-block-file\"><a id=\"wp-block-file--media-6ea33845-1c5b-4aa2-acd6-a3ae6a976340\" href=\"https:\/\/spes.se\/vastrakrets\/wp-content\/uploads\/sites\/10\/securepdfs\/2026\/08\/Alingsas-ljusmanifestation.pdf\">Affisch Alings\u00e5s Ljusmanifestation<\/a><a href=\"https:\/\/spes.se\/vastrakrets\/wp-content\/uploads\/sites\/10\/securepdfs\/2026\/08\/Alingsas-ljusmanifestation.pdf\" class=\"wp-block-file__button wp-element-button\" download aria-describedby=\"wp-block-file--media-6ea33845-1c5b-4aa2-acd6-a3ae6a976340\">Ladda ner<\/a><\/div>\n\n\n\n<p class=\"wp-block-paragraph\"><\/p>\n\n\n\n<p class=\"wp-block-paragraph\"><\/p>\n\n\n\n<p class=\"has-text-align-left wp-block-paragraph\" style=\"font-size:17px\"><strong>10\/9, <\/strong>kl. 20 <a href=\"https:\/\/maps.app.goo.gl\/rLGXexYpVeFEaYH46\">Christinae Kyrka<\/a><\/p>\n\n\n\n<p class=\"wp-block-paragraph\"><em>Musikandakt med ljust\u00e4ndning. En stilla stund med musik, ljust\u00e4ndning och b\u00f6n.<\/em><\/p>\n\n\n\n<p class=\"wp-block-paragraph\">Arrangeras av Svenska kyrkan<\/p>\n\n\n\n<div class=\"wp-block-file\"><a id=\"wp-block-file--media-134589ee-0685-4069-8719-8521305d85d2\" href=\"https:\/\/spes.se\/vastrakrets\/wp-content\/smush-avif\/sites\/10\/2026\/08\/IMG_5886-scaled.jpg.avif\">Program 10\/9 Svenska Kyrkan alings\u00e5s<\/a><a href=\"https:\/\/spes.se\/vastrakrets\/wp-content\/smush-avif\/sites\/10\/2026\/08\/IMG_5886-scaled.jpg.avif\" class=\"wp-block-file__button wp-element-button\" download aria-describedby=\"wp-block-file--media-134589ee-0685-4069-8719-8521305d85d2\">Ladda ner<\/a><\/div>\n\n\n\n<p class=\"wp-block-paragraph\"><\/p>\n\n\n\n<p class=\"wp-block-paragraph\"><\/p>\n\n\n\n<p class=\"wp-block-paragraph\">Vi kommer att dela mer information om Suicidpreventiva dagen och v\u00e5ra aktiviteter l\u00f6pande h\u00e4r p\u00e5 hemsidan och via v\u00e5ra sociala medier.<\/p>\n\n\n\n<p class=\"wp-block-paragraph\">L\u00e4s mer om dagen p\u00e5&nbsp;<a href=\"https:\/\/suicidpreventivadagen.se\/\">suicidpreventivadagen.se<\/a><\/p>\n\n\n\n<p class=\"wp-block-paragraph\"><strong>Tillsammans f\u00f6rebygger vi sj\u00e4lvmord.<\/strong>&nbsp;\ud83d\udc9c<\/p>\n","protected":false},"excerpt":{"rendered":"<p>Inf\u00f6r den 10 september uppm\u00e4rksammas Suicidpreventiva dagen i Alings\u00e5s. Det arrangeras tv\u00e5 dagar av f\u00f6rel\u00e4sningar, samtal och information om suicidprevention, psykisk h\u00e4lsa och \u00e5terh\u00e4mtning. Temat f\u00f6r h\u00e4lsoveckan \u00e4r \u00e5terh\u00e4mtning och sj\u00e4lvuppbyggnad. Det kommer finnas sopplunch fr\u00e5n kl.12 f\u00f6r 75kr och <a class=\"more-link\" href=\"https:\/\/spes.se\/vastrakrets\/blog\/2026\/08\/28\/alingsas-8-10-9\/\">L\u00e4s mer &#8230;<\/a><\/p>\n","protected":false},"author":31,"featured_media":14690,"comment_status":"closed","ping_status":"closed","sticky":false,"template":"","format":"standard","meta":{"_uag_custom_page_level_css":"","_coblocks_attr":"","_coblocks_dimensions":"","_coblocks_responsive_height":"","_coblocks_accordion_ie_support":"","wds_primary_category":113,"footnotes":""},"categories":[113],"tags":[],"class_list":["post-14656","post","type-post","status-publish","format-standard","has-post-thumbnail","hentry","category-suicidpreventiva-dagen"],"spectra_custom_meta":{"_uagb_previous_block_counts":["a:90:{s:21:\"uagb\/advanced-heading\";i:0;s:15:\"uagb\/blockquote\";i:0;s:12:\"uagb\/buttons\";i:0;s:18:\"uagb\/buttons-child\";i:0;s:19:\"uagb\/call-to-action\";i:0;s:15:\"uagb\/cf7-styler\";i:0;s:11:\"uagb\/column\";i:0;s:12:\"uagb\/columns\";i:0;s:14:\"uagb\/container\";i:0;s:21:\"uagb\/content-timeline\";i:0;s:27:\"uagb\/content-timeline-child\";i:0;s:14:\"uagb\/countdown\";i:0;s:12:\"uagb\/counter\";i:0;s:8:\"uagb\/faq\";i:0;s:14:\"uagb\/faq-child\";i:0;s:10:\"uagb\/forms\";i:0;s:17:\"uagb\/forms-accept\";i:0;s:19:\"uagb\/forms-checkbox\";i:0;s:15:\"uagb\/forms-date\";i:0;s:16:\"uagb\/forms-email\";i:0;s:17:\"uagb\/forms-hidden\";i:0;s:15:\"uagb\/forms-name\";i:0;s:16:\"uagb\/forms-phone\";i:0;s:16:\"uagb\/forms-radio\";i:0;s:17:\"uagb\/forms-select\";i:0;s:19:\"uagb\/forms-textarea\";i:0;s:17:\"uagb\/forms-toggle\";i:0;s:14:\"uagb\/forms-url\";i:0;s:14:\"uagb\/gf-styler\";i:0;s:15:\"uagb\/google-map\";i:0;s:11:\"uagb\/how-to\";i:0;s:16:\"uagb\/how-to-step\";i:0;s:9:\"uagb\/icon\";i:0;s:14:\"uagb\/icon-list\";i:0;s:20:\"uagb\/icon-list-child\";i:0;s:10:\"uagb\/image\";i:0;s:18:\"uagb\/image-gallery\";i:0;s:13:\"uagb\/info-box\";i:0;s:18:\"uagb\/inline-notice\";i:0;s:11:\"uagb\/lottie\";i:0;s:21:\"uagb\/marketing-button\";i:0;s:10:\"uagb\/modal\";i:0;s:18:\"uagb\/popup-builder\";i:0;s:16:\"uagb\/post-button\";i:0;s:18:\"uagb\/post-carousel\";i:0;s:17:\"uagb\/post-excerpt\";i:0;s:14:\"uagb\/post-grid\";i:0;s:15:\"uagb\/post-image\";i:0;s:17:\"uagb\/post-masonry\";i:0;s:14:\"uagb\/post-meta\";i:0;s:18:\"uagb\/post-taxonomy\";i:0;s:18:\"uagb\/post-timeline\";i:0;s:15:\"uagb\/post-title\";i:0;s:20:\"uagb\/restaurant-menu\";i:0;s:26:\"uagb\/restaurant-menu-child\";i:0;s:11:\"uagb\/review\";i:0;s:12:\"uagb\/section\";i:0;s:14:\"uagb\/separator\";i:0;s:11:\"uagb\/slider\";i:0;s:17:\"uagb\/slider-child\";i:0;s:17:\"uagb\/social-share\";i:0;s:23:\"uagb\/social-share-child\";i:0;s:16:\"uagb\/star-rating\";i:0;s:23:\"uagb\/sure-cart-checkout\";i:0;s:22:\"uagb\/sure-cart-product\";i:0;s:15:\"uagb\/sure-forms\";i:0;s:22:\"uagb\/table-of-contents\";i:0;s:9:\"uagb\/tabs\";i:0;s:15:\"uagb\/tabs-child\";i:0;s:18:\"uagb\/taxonomy-list\";i:0;s:9:\"uagb\/team\";i:0;s:16:\"uagb\/testimonial\";i:0;s:14:\"uagb\/wp-search\";i:0;s:19:\"uagb\/instagram-feed\";i:0;s:10:\"uagb\/login\";i:0;s:17:\"uagb\/loop-builder\";i:0;s:18:\"uagb\/loop-category\";i:0;s:20:\"uagb\/loop-pagination\";i:0;s:15:\"uagb\/loop-reset\";i:0;s:16:\"uagb\/loop-search\";i:0;s:14:\"uagb\/loop-sort\";i:0;s:17:\"uagb\/loop-wrapper\";i:0;s:13:\"uagb\/register\";i:0;s:19:\"uagb\/register-email\";i:0;s:24:\"uagb\/register-first-name\";i:0;s:23:\"uagb\/register-last-name\";i:0;s:22:\"uagb\/register-password\";i:0;s:30:\"uagb\/register-reenter-password\";i:0;s:19:\"uagb\/register-terms\";i:0;s:22:\"uagb\/register-username\";i:0;}"],"_edit_lock":["1787909469:31"],"_thumbnail_id":["14690"],"_edit_last":["31"],"__post_views_count":["23"],"_wds_readability":["a:4:{s:5:\"score\";i:0;s:9:\"raw_score\";b:0;s:11:\"is_readable\";b:0;s:5:\"error\";s:40:\"Your language is currently not supported\";}"],"_uag_custom_page_level_css":[""],"_coblocks_attr":[""],"_coblocks_dimensions":[""],"_coblocks_responsive_height":[""],"_coblocks_accordion_ie_support":[""],"wds_primary_category":["113"],"footnotes":[""],"lucida-layout-option":["default"],"lucida-header-image":["default"],"lucida-sidebar-options":["default-sidebar"],"lucida-featured-image":["default"],"wp-smush-lcp-data-cdc522891120d1208444817af67054fd":["a:6:{s:8:\"selector\";s:12:\".custom-logo\";s:14:\"selector_xpath\";s:45:\"\/html\/body\/div[1]\/header\/div\/div\/div[2]\/a\/img\";s:11:\"selector_id\";s:0:\"\";s:14:\"selector_class\";s:35:\"custom-logo ls-is-cached lazyloaded\";s:9:\"image_url\";s:102:\"https:\/\/spes.se\/vastrakrets\/wp-content\/uploads\/sites\/10\/2022\/11\/SPES-logo-liggande-vect-vg-halland.svg\";s:7:\"version\";i:0;}"],"_uag_page_assets":["a:9:{s:3:\"css\";s:0:\"\";s:2:\"js\";s:0:\"\";s:18:\"current_block_list\";a:12:{i:0;s:14:\"core\/paragraph\";i:1;s:9:\"core\/file\";i:2;s:12:\"core\/heading\";i:3;s:14:\"core\/separator\";i:4;s:14:\"core\/shortcode\";i:5;s:12:\"core\/buttons\";i:6;s:11:\"core\/button\";i:7;s:10:\"core\/image\";i:8;s:8:\"core\/rss\";i:9;s:17:\"core\/social-links\";i:10;s:16:\"core\/social-link\";i:11;s:26:\"coblocks\/dynamic-separator\";}s:8:\"uag_flag\";b:0;s:11:\"uag_version\";s:10:\"1788287721\";s:6:\"gfonts\";a:0:{}s:10:\"gfonts_url\";s:0:\"\";s:12:\"gfonts_files\";a:0:{}s:14:\"uag_faq_layout\";b:0;}"]},"uagb_featured_image_src":{"full":["https:\/\/spes.se\/vastrakrets\/wp-content\/uploads\/sites\/10\/2026\/08\/IMG_5900.jpg",1390,803,false],"thumbnail":["https:\/\/spes.se\/vastrakrets\/wp-content\/uploads\/sites\/10\/2026\/08\/IMG_5900-150x150.jpg",150,150,true],"medium":["https:\/\/spes.se\/vastrakrets\/wp-content\/uploads\/sites\/10\/2026\/08\/IMG_5900-300x173.jpg",300,173,true],"medium_large":["https:\/\/spes.se\/vastrakrets\/wp-content\/uploads\/sites\/10\/2026\/08\/IMG_5900-768x444.jpg",620,358,true],"large":["https:\/\/spes.se\/vastrakrets\/wp-content\/uploads\/sites\/10\/2026\/08\/IMG_5900-620x358.jpg",620,358,true],"1536x1536":["https:\/\/spes.se\/vastrakrets\/wp-content\/uploads\/sites\/10\/2026\/08\/IMG_5900.jpg",1390,803,false],"2048x2048":["https:\/\/spes.se\/vastrakrets\/wp-content\/uploads\/sites\/10\/2026\/08\/IMG_5900.jpg",1390,803,false],"ultp_layout_landscape_large":["https:\/\/spes.se\/vastrakrets\/wp-content\/uploads\/sites\/10\/2026\/08\/IMG_5900-1200x800.jpg",1200,800,true],"ultp_layout_landscape":["https:\/\/spes.se\/vastrakrets\/wp-content\/uploads\/sites\/10\/2026\/08\/IMG_5900-870x570.jpg",870,570,true],"ultp_layout_portrait":["https:\/\/spes.se\/vastrakrets\/wp-content\/uploads\/sites\/10\/2026\/08\/IMG_5900-600x803.jpg",600,803,true],"ultp_layout_square":["https:\/\/spes.se\/vastrakrets\/wp-content\/uploads\/sites\/10\/2026\/08\/IMG_5900-600x600.jpg",600,600,true],"post-thumbnail":["https:\/\/spes.se\/vastrakrets\/wp-content\/uploads\/sites\/10\/2026\/08\/IMG_5900-620x413.jpg",620,413,true],"lucida-slider":["https:\/\/spes.se\/vastrakrets\/wp-content\/uploads\/sites\/10\/2026\/08\/IMG_5900-1390x800.jpg",1390,800,true],"lucida-featured":["https:\/\/spes.se\/vastrakrets\/wp-content\/uploads\/sites\/10\/2026\/08\/IMG_5900-880x660.jpg",880,660,true],"lucida-landscape":["https:\/\/spes.se\/vastrakrets\/wp-content\/uploads\/sites\/10\/2026\/08\/IMG_5900-480x320.jpg",480,320,true],"lucida-small":["https:\/\/spes.se\/vastrakrets\/wp-content\/uploads\/sites\/10\/2026\/08\/IMG_5900-90x68.jpg",90,68,true]},"uagb_author_info":{"display_name":"bgarate","author_link":"https:\/\/spes.se\/vastrakrets\/blog\/author\/bgarate\/"},"uagb_comment_info":0,"uagb_excerpt":"Inf\u00f6r den 10 september uppm\u00e4rksammas Suicidpreventiva dagen i Alings\u00e5s. Det arrangeras tv\u00e5 dagar av f\u00f6rel\u00e4sningar, samtal och information om suicidprevention, psykisk h\u00e4lsa och \u00e5terh\u00e4mtning. Temat f\u00f6r h\u00e4lsoveckan \u00e4r \u00e5terh\u00e4mtning och sj\u00e4lvuppbyggnad. Det kommer finnas sopplunch fr\u00e5n kl.12 f\u00f6r 75kr och L\u00e4s mer ...","_links":{"self":[{"href":"https:\/\/spes.se\/vastrakrets\/wp-json\/wp\/v2\/posts\/14656","targetHints":{"allow":["GET"]}}],"collection":[{"href":"https:\/\/spes.se\/vastrakrets\/wp-json\/wp\/v2\/posts"}],"about":[{"href":"https:\/\/spes.se\/vastrakrets\/wp-json\/wp\/v2\/types\/post"}],"author":[{"embeddable":true,"href":"https:\/\/spes.se\/vastrakrets\/wp-json\/wp\/v2\/users\/31"}],"replies":[{"embeddable":true,"href":"https:\/\/spes.se\/vastrakrets\/wp-json\/wp\/v2\/comments?post=14656"}],"version-history":[{"count":0,"href":"https:\/\/spes.se\/vastrakrets\/wp-json\/wp\/v2\/posts\/14656\/revisions"}],"wp:featuredmedia":[{"embeddable":true,"href":"https:\/\/spes.se\/vastrakrets\/wp-json\/wp\/v2\/media\/14690"}],"wp:attachment":[{"href":"https:\/\/spes.se\/vastrakrets\/wp-json\/wp\/v2\/media?parent=14656"}],"wp:term":[{"taxonomy":"category","embeddable":true,"href":"https:\/\/spes.se\/vastrakrets\/wp-json\/wp\/v2\/categories?post=14656"},{"taxonomy":"post_tag","embeddable":true,"href":"https:\/\/spes.se\/vastrakrets\/wp-json\/wp\/v2\/tags?post=14656"}],"curies":[{"name":"wp","href":"https:\/\/api.w.org\/{rel}","templated":true}]}}