{"id":14684,"date":"2026-08-29T16:15:00","date_gmt":"2026-08-29T15:15:00","guid":{"rendered":"https:\/\/spes.se\/vastrakrets\/?p=14684"},"modified":"2026-09-01T14:45:33","modified_gmt":"2026-09-01T13:45:33","slug":"kungsbacka-10-9","status":"publish","type":"post","link":"https:\/\/spes.se\/vastrakrets\/blog\/2026\/08\/29\/kungsbacka-10-9\/","title":{"rendered":"10\/9 Kungsbacka"},"content":{"rendered":"\n<p class=\"wp-block-paragraph\">Den 10 september uppm\u00e4rksammas Suicidpreventiva dagen. I Kungsbacka arrangeras en kv\u00e4ll med musik, ljust\u00e4ndning och en gudstj\u00e4nst. Det kommer \u00e4ven finnas olika f\u00f6rel\u00e4sningar om psykisk oh\u00e4lsa och suicidprevention i samband med dagen. <\/p>\n\n\n\n<p class=\"wp-block-paragraph\"><strong>Program: <\/strong><\/p>\n\n\n\n<p class=\"wp-block-paragraph\" style=\"font-size:16px\"><strong>8\/9<\/strong>, kl. 18-20 <a href=\"https:\/\/www.regionhalland.se\/psykiatrin-halland\/psykisk-livraddning\">Digitalt <\/a><\/p>\n\n\n\n<p class=\"wp-block-paragraph\"><em>Psykisk Livr\u00e4ddning <\/em><\/p>\n\n\n\n<p class=\"wp-block-paragraph\"><\/p>\n\n\n\n<p class=\"wp-block-paragraph\" style=\"font-size:16px\"><strong>10\/9<\/strong>,  <a href=\"https:\/\/maps.app.goo.gl\/5RTQ18FA48hS1QHw5\">Kungsbacka Kyrka <\/a>(\u00f6pen till 19.30)<\/p>\n\n\n\n<p class=\"wp-block-paragraph\">kl. 17-18 <em>Drop in, ljust\u00e4ndning och stilla musik. <\/em><\/p>\n\n\n\n<p class=\"wp-block-paragraph\">kl. 18-18.30  <em>Minnesstund <\/em><\/p>\n\n\n\n<div class=\"wp-block-file\"><a id=\"wp-block-file--media-de4d5215-9c46-44af-b9ca-60947d428e78\" href=\"https:\/\/spes.se\/vastrakrets\/wp-content\/uploads\/sites\/10\/securepdfs\/2026\/08\/Ljustandning-1.pdf\">Suicidpreventiva dagen Kungsbacka<\/a><a href=\"https:\/\/spes.se\/vastrakrets\/wp-content\/uploads\/sites\/10\/securepdfs\/2026\/08\/Ljustandning-1.pdf\" class=\"wp-block-file__button wp-element-button\" download aria-describedby=\"wp-block-file--media-de4d5215-9c46-44af-b9ca-60947d428e78\">Ladda ner<\/a><\/div>\n\n\n\n<p class=\"wp-block-paragraph\"><\/p>\n\n\n\n<p class=\"wp-block-paragraph\" style=\"font-size:16px\"><strong>16\/9, <\/strong>kl.18 <a href=\"https:\/\/forms.cloud.microsoft\/Pages\/ResponsePage.aspx?id=EgxMWnB9z0iboYYj75ZyEuQHwy-S49BEpUEnY0eq7fhUOU4zNzFDTkdTNTZYN0RQNEFBODJRQlEyVC4u&amp;origin=QRCode\">Digitalt<\/a><\/p>\n\n\n\n<p class=\"wp-block-paragraph\"><em>Livsviktiga snack<\/em>, Suicide Zero <\/p>\n\n\n\n<p class=\"wp-block-paragraph\"><\/p>\n\n\n\n<p class=\"wp-block-paragraph\" style=\"font-size:16px\"><strong>21\/10, <\/strong>kl. 13 <a href=\"https:\/\/share.google\/V20vt1ob9IMOtMJTd\">M\u00f6tesplats \u00c5gl\u00e4ntan<\/a><\/p>\n\n\n\n<p class=\"wp-block-paragraph\"><em>V\u00e5ga fr\u00e5ga \u00e4ldre, <\/em>Suicide Zero<\/p>\n\n\n\n<p class=\"wp-block-paragraph\"><\/p>\n\n\n\n<div class=\"wp-block-file\"><a id=\"wp-block-file--media-dc69ebc3-31f2-4186-abae-2c19393513ed\" href=\"https:\/\/spes.se\/vastrakrets\/wp-content\/smush-avif\/sites\/10\/2026\/08\/Kungsbacka--scaled.png.avif\">10\/9 Kungsbacka f\u00f6rel\u00e4sningar <\/a><a href=\"https:\/\/spes.se\/vastrakrets\/wp-content\/smush-avif\/sites\/10\/2026\/08\/Kungsbacka--scaled.png.avif\" class=\"wp-block-file__button wp-element-button\" download aria-describedby=\"wp-block-file--media-dc69ebc3-31f2-4186-abae-2c19393513ed\">Ladda ner<\/a><\/div>\n\n\n\n<p class=\"wp-block-paragraph\"><\/p>\n\n\n\n<p class=\"wp-block-paragraph\">Vi v\u00e4lkomnar dig som vill veta mer om suicidprevention, uppm\u00e4rksamma dem vi f\u00f6rlorat och bidra till att f\u00f6rebygga suicid. Material fr\u00e5n Spes och vilket st\u00f6d som finns f\u00f6r den som f\u00f6rlorat n\u00e5gon i suicid finns p\u00e5 plats.<\/p>\n\n\n\n<p class=\"wp-block-paragraph\">Vi kommer att dela mer information om Suicidpreventiva dagen och v\u00e5ra aktiviteter l\u00f6pande h\u00e4r p\u00e5 hemsidan.<\/p>\n\n\n\n<p class=\"wp-block-paragraph\">L\u00e4s mer om dagen p\u00e5&nbsp;<a href=\"https:\/\/suicidpreventivadagen.se\/\">suicidpreventivadagen.se<\/a><\/p>\n\n\n\n<p class=\"wp-block-paragraph\"><strong>Tillsammans f\u00f6rebygger vi sj\u00e4lvmord.<\/strong>&nbsp;\ud83d\udc9c<\/p>\n","protected":false},"excerpt":{"rendered":"<p>Den 10 september uppm\u00e4rksammas Suicidpreventiva dagen. I Kungsbacka arrangeras en kv\u00e4ll med musik, ljust\u00e4ndning och en gudstj\u00e4nst. Det kommer \u00e4ven finnas olika f\u00f6rel\u00e4sningar om psykisk oh\u00e4lsa och suicidprevention i samband med dagen. Program: 8\/9, kl. 18-20 Digitalt Psykisk Livr\u00e4ddning 10\/9, <a class=\"more-link\" href=\"https:\/\/spes.se\/vastrakrets\/blog\/2026\/08\/29\/kungsbacka-10-9\/\">L\u00e4s mer &#8230;<\/a><\/p>\n","protected":false},"author":31,"featured_media":14688,"comment_status":"closed","ping_status":"closed","sticky":false,"template":"","format":"standard","meta":{"_uag_custom_page_level_css":"","_coblocks_attr":"","_coblocks_dimensions":"","_coblocks_responsive_height":"","_coblocks_accordion_ie_support":"","wds_primary_category":113,"footnotes":""},"categories":[113],"tags":[],"class_list":["post-14684","post","type-post","status-publish","format-standard","has-post-thumbnail","hentry","category-suicidpreventiva-dagen"],"spectra_custom_meta":{"_uagb_previous_block_counts":["a:90:{s:21:\"uagb\/advanced-heading\";i:0;s:15:\"uagb\/blockquote\";i:0;s:12:\"uagb\/buttons\";i:0;s:18:\"uagb\/buttons-child\";i:0;s:19:\"uagb\/call-to-action\";i:0;s:15:\"uagb\/cf7-styler\";i:0;s:11:\"uagb\/column\";i:0;s:12:\"uagb\/columns\";i:0;s:14:\"uagb\/container\";i:0;s:21:\"uagb\/content-timeline\";i:0;s:27:\"uagb\/content-timeline-child\";i:0;s:14:\"uagb\/countdown\";i:0;s:12:\"uagb\/counter\";i:0;s:8:\"uagb\/faq\";i:0;s:14:\"uagb\/faq-child\";i:0;s:10:\"uagb\/forms\";i:0;s:17:\"uagb\/forms-accept\";i:0;s:19:\"uagb\/forms-checkbox\";i:0;s:15:\"uagb\/forms-date\";i:0;s:16:\"uagb\/forms-email\";i:0;s:17:\"uagb\/forms-hidden\";i:0;s:15:\"uagb\/forms-name\";i:0;s:16:\"uagb\/forms-phone\";i:0;s:16:\"uagb\/forms-radio\";i:0;s:17:\"uagb\/forms-select\";i:0;s:19:\"uagb\/forms-textarea\";i:0;s:17:\"uagb\/forms-toggle\";i:0;s:14:\"uagb\/forms-url\";i:0;s:14:\"uagb\/gf-styler\";i:0;s:15:\"uagb\/google-map\";i:0;s:11:\"uagb\/how-to\";i:0;s:16:\"uagb\/how-to-step\";i:0;s:9:\"uagb\/icon\";i:0;s:14:\"uagb\/icon-list\";i:0;s:20:\"uagb\/icon-list-child\";i:0;s:10:\"uagb\/image\";i:0;s:18:\"uagb\/image-gallery\";i:0;s:13:\"uagb\/info-box\";i:0;s:18:\"uagb\/inline-notice\";i:0;s:11:\"uagb\/lottie\";i:0;s:21:\"uagb\/marketing-button\";i:0;s:10:\"uagb\/modal\";i:0;s:18:\"uagb\/popup-builder\";i:0;s:16:\"uagb\/post-button\";i:0;s:18:\"uagb\/post-carousel\";i:0;s:17:\"uagb\/post-excerpt\";i:0;s:14:\"uagb\/post-grid\";i:0;s:15:\"uagb\/post-image\";i:0;s:17:\"uagb\/post-masonry\";i:0;s:14:\"uagb\/post-meta\";i:0;s:18:\"uagb\/post-taxonomy\";i:0;s:18:\"uagb\/post-timeline\";i:0;s:15:\"uagb\/post-title\";i:0;s:20:\"uagb\/restaurant-menu\";i:0;s:26:\"uagb\/restaurant-menu-child\";i:0;s:11:\"uagb\/review\";i:0;s:12:\"uagb\/section\";i:0;s:14:\"uagb\/separator\";i:0;s:11:\"uagb\/slider\";i:0;s:17:\"uagb\/slider-child\";i:0;s:17:\"uagb\/social-share\";i:0;s:23:\"uagb\/social-share-child\";i:0;s:16:\"uagb\/star-rating\";i:0;s:23:\"uagb\/sure-cart-checkout\";i:0;s:22:\"uagb\/sure-cart-product\";i:0;s:15:\"uagb\/sure-forms\";i:0;s:22:\"uagb\/table-of-contents\";i:0;s:9:\"uagb\/tabs\";i:0;s:15:\"uagb\/tabs-child\";i:0;s:18:\"uagb\/taxonomy-list\";i:0;s:9:\"uagb\/team\";i:0;s:16:\"uagb\/testimonial\";i:0;s:14:\"uagb\/wp-search\";i:0;s:19:\"uagb\/instagram-feed\";i:0;s:10:\"uagb\/login\";i:0;s:17:\"uagb\/loop-builder\";i:0;s:18:\"uagb\/loop-category\";i:0;s:20:\"uagb\/loop-pagination\";i:0;s:15:\"uagb\/loop-reset\";i:0;s:16:\"uagb\/loop-search\";i:0;s:14:\"uagb\/loop-sort\";i:0;s:17:\"uagb\/loop-wrapper\";i:0;s:13:\"uagb\/register\";i:0;s:19:\"uagb\/register-email\";i:0;s:24:\"uagb\/register-first-name\";i:0;s:23:\"uagb\/register-last-name\";i:0;s:22:\"uagb\/register-password\";i:0;s:30:\"uagb\/register-reenter-password\";i:0;s:19:\"uagb\/register-terms\";i:0;s:22:\"uagb\/register-username\";i:0;}"],"_edit_lock":["1788270334:31"],"_thumbnail_id":["14688"],"_uag_custom_page_level_css":[""],"_coblocks_attr":[""],"_coblocks_dimensions":[""],"_coblocks_responsive_height":[""],"_coblocks_accordion_ie_support":[""],"wds_primary_category":["113"],"footnotes":[""],"_edit_last":["31"],"lucida-layout-option":["default"],"lucida-header-image":["default"],"lucida-sidebar-options":["default-sidebar"],"lucida-featured-image":["default"],"__post_views_count":["16"],"_wds_readability":["a:4:{s:5:\"score\";i:0;s:9:\"raw_score\";b:0;s:11:\"is_readable\";b:0;s:5:\"error\";s:40:\"Your language is currently not supported\";}"],"_uag_page_assets":["a:9:{s:3:\"css\";s:0:\"\";s:2:\"js\";s:0:\"\";s:18:\"current_block_list\";a:12:{i:0;s:14:\"core\/paragraph\";i:1;s:9:\"core\/file\";i:2;s:12:\"core\/heading\";i:3;s:14:\"core\/separator\";i:4;s:14:\"core\/shortcode\";i:5;s:12:\"core\/buttons\";i:6;s:11:\"core\/button\";i:7;s:10:\"core\/image\";i:8;s:8:\"core\/rss\";i:9;s:17:\"core\/social-links\";i:10;s:16:\"core\/social-link\";i:11;s:26:\"coblocks\/dynamic-separator\";}s:8:\"uag_flag\";b:0;s:11:\"uag_version\";s:10:\"1788287721\";s:6:\"gfonts\";a:0:{}s:10:\"gfonts_url\";s:0:\"\";s:12:\"gfonts_files\";a:0:{}s:14:\"uag_faq_layout\";b:0;}"]},"uagb_featured_image_src":{"full":["https:\/\/spes.se\/vastrakrets\/wp-content\/uploads\/sites\/10\/2026\/08\/IMG_5899.jpg",1411,1064,false],"thumbnail":["https:\/\/spes.se\/vastrakrets\/wp-content\/uploads\/sites\/10\/2026\/08\/IMG_5899-150x150.jpg",150,150,true],"medium":["https:\/\/spes.se\/vastrakrets\/wp-content\/uploads\/sites\/10\/2026\/08\/IMG_5899-300x226.jpg",300,226,true],"medium_large":["https:\/\/spes.se\/vastrakrets\/wp-content\/uploads\/sites\/10\/2026\/08\/IMG_5899-768x579.jpg",620,467,true],"large":["https:\/\/spes.se\/vastrakrets\/wp-content\/uploads\/sites\/10\/2026\/08\/IMG_5899-548x413.jpg",548,413,true],"1536x1536":["https:\/\/spes.se\/vastrakrets\/wp-content\/uploads\/sites\/10\/2026\/08\/IMG_5899.jpg",1411,1064,false],"2048x2048":["https:\/\/spes.se\/vastrakrets\/wp-content\/uploads\/sites\/10\/2026\/08\/IMG_5899.jpg",1411,1064,false],"ultp_layout_landscape_large":["https:\/\/spes.se\/vastrakrets\/wp-content\/uploads\/sites\/10\/2026\/08\/IMG_5899-1200x800.jpg",1200,800,true],"ultp_layout_landscape":["https:\/\/spes.se\/vastrakrets\/wp-content\/uploads\/sites\/10\/2026\/08\/IMG_5899-870x570.jpg",870,570,true],"ultp_layout_portrait":["https:\/\/spes.se\/vastrakrets\/wp-content\/uploads\/sites\/10\/2026\/08\/IMG_5899-600x900.jpg",600,900,true],"ultp_layout_square":["https:\/\/spes.se\/vastrakrets\/wp-content\/uploads\/sites\/10\/2026\/08\/IMG_5899-600x600.jpg",600,600,true],"post-thumbnail":["https:\/\/spes.se\/vastrakrets\/wp-content\/uploads\/sites\/10\/2026\/08\/IMG_5899-620x413.jpg",620,413,true],"lucida-slider":["https:\/\/spes.se\/vastrakrets\/wp-content\/uploads\/sites\/10\/2026\/08\/IMG_5899-1411x800.jpg",1411,800,true],"lucida-featured":["https:\/\/spes.se\/vastrakrets\/wp-content\/uploads\/sites\/10\/2026\/08\/IMG_5899-880x660.jpg",880,660,true],"lucida-landscape":["https:\/\/spes.se\/vastrakrets\/wp-content\/uploads\/sites\/10\/2026\/08\/IMG_5899-480x320.jpg",480,320,true],"lucida-small":["https:\/\/spes.se\/vastrakrets\/wp-content\/uploads\/sites\/10\/2026\/08\/IMG_5899-90x68.jpg",90,68,true]},"uagb_author_info":{"display_name":"bgarate","author_link":"https:\/\/spes.se\/vastrakrets\/blog\/author\/bgarate\/"},"uagb_comment_info":0,"uagb_excerpt":"Den 10 september uppm\u00e4rksammas Suicidpreventiva dagen. I Kungsbacka arrangeras en kv\u00e4ll med musik, ljust\u00e4ndning och en gudstj\u00e4nst. Det kommer \u00e4ven finnas olika f\u00f6rel\u00e4sningar om psykisk oh\u00e4lsa och suicidprevention i samband med dagen. Program: 8\/9, kl. 18-20 Digitalt Psykisk Livr\u00e4ddning 10\/9, L\u00e4s mer ...","_links":{"self":[{"href":"https:\/\/spes.se\/vastrakrets\/wp-json\/wp\/v2\/posts\/14684","targetHints":{"allow":["GET"]}}],"collection":[{"href":"https:\/\/spes.se\/vastrakrets\/wp-json\/wp\/v2\/posts"}],"about":[{"href":"https:\/\/spes.se\/vastrakrets\/wp-json\/wp\/v2\/types\/post"}],"author":[{"embeddable":true,"href":"https:\/\/spes.se\/vastrakrets\/wp-json\/wp\/v2\/users\/31"}],"replies":[{"embeddable":true,"href":"https:\/\/spes.se\/vastrakrets\/wp-json\/wp\/v2\/comments?post=14684"}],"version-history":[{"count":0,"href":"https:\/\/spes.se\/vastrakrets\/wp-json\/wp\/v2\/posts\/14684\/revisions"}],"wp:featuredmedia":[{"embeddable":true,"href":"https:\/\/spes.se\/vastrakrets\/wp-json\/wp\/v2\/media\/14688"}],"wp:attachment":[{"href":"https:\/\/spes.se\/vastrakrets\/wp-json\/wp\/v2\/media?parent=14684"}],"wp:term":[{"taxonomy":"category","embeddable":true,"href":"https:\/\/spes.se\/vastrakrets\/wp-json\/wp\/v2\/categories?post=14684"},{"taxonomy":"post_tag","embeddable":true,"href":"https:\/\/spes.se\/vastrakrets\/wp-json\/wp\/v2\/tags?post=14684"}],"curies":[{"name":"wp","href":"https:\/\/api.w.org\/{rel}","templated":true}]}}