{"id":14698,"date":"2026-08-29T11:05:29","date_gmt":"2026-08-29T10:05:29","guid":{"rendered":"https:\/\/spes.se\/vastrakrets\/?p=14698"},"modified":"2026-08-28T11:25:27","modified_gmt":"2026-08-28T10:25:27","slug":"strukturerade-stodsamtal","status":"publish","type":"post","link":"https:\/\/spes.se\/vastrakrets\/blog\/2026\/08\/29\/strukturerade-stodsamtal\/","title":{"rendered":"Strukturerade st\u00f6dsamtal"},"content":{"rendered":"<figure class=\"wp-block-post-featured-image\"><img decoding=\"async\" width=\"620\" height=\"413\" data-src=\"https:\/\/spes.se\/vastrakrets\/wp-content\/smush-avif\/sites\/10\/2026\/08\/IMG_5902-620x413.jpg.avif\" class=\"attachment-post-thumbnail size-post-thumbnail wp-post-image lazyload\" alt=\"\" style=\"--smush-placeholder-width: 620px; --smush-placeholder-aspect-ratio: 620\/413;object-fit:cover;\" data-srcset=\"https:\/\/spes.se\/vastrakrets\/wp-content\/smush-avif\/sites\/10\/2026\/08\/IMG_5902-620x413.jpg.avif 620w, https:\/\/spes.se\/vastrakrets\/wp-content\/smush-avif\/sites\/10\/2026\/08\/IMG_5902-1200x800.jpg.avif 1200w, https:\/\/spes.se\/vastrakrets\/wp-content\/smush-avif\/sites\/10\/2026\/08\/IMG_5902-480x320.jpg.avif 480w\" data-sizes=\"auto\" src=\"data:image\/svg+xml;base64,PHN2ZyB3aWR0aD0iMSIgaGVpZ2h0PSIxIiB4bWxucz0iaHR0cDovL3d3dy53My5vcmcvMjAwMC9zdmciPjwvc3ZnPg==\" data-original-sizes=\"(max-width: 620px) 100vw, 620px\" \/><\/figure>\n\n\n<p class=\"wp-block-paragraph\"><strong>Spes st\u00f6dprocess i grupp &#8211; v\u00e4gen igenom och fram\u00e5t<\/strong><\/p>\n\n\n\n<p class=\"wp-block-paragraph\">Under n\u00e5gra m\u00e5nader arrangeras en st\u00f6dprocessgrupp best\u00e5ende av 8 tillf\u00e4llen f\u00f6r max 8 deltagare. Gruppen kommer att tr\u00e4ffas ungef\u00e4r varannan vecka, med ett uppeh\u00e5ll \u00f6ver jul-och ny\u00e5rshelgen. Vid varje tillf\u00e4lle samtalar vi utifr\u00e5n ett specifikt \u00e4mne.<\/p>\n\n\n\n<p class=\"wp-block-paragraph\">Inneh\u00e5llet i tillf\u00e4llena \u00e4r: Introduktion, F\u00f6rlustber\u00e4ttelsen (tv\u00e5 tillf\u00e4llen), Minnen, K\u00e4nslor, N\u00e4tverk omkring dig, Framtiden, Avslut av st\u00f6dprocessen<\/p>\n\n\n\n<p class=\"wp-block-paragraph\"><strong>Datum: <\/strong>onsdagar den 7\/10, 21\/10, 4\/11, 18\/11, 2\/12, 16\/12, 13\/1 och 27\/1.<\/p>\n\n\n\n<p class=\"wp-block-paragraph\"><strong>Tid<\/strong>: kl. 18.00-20.00.<\/p>\n\n\n\n<p class=\"wp-block-paragraph\"><strong>Plats<\/strong>: Spes V\u00e4stra Krets,<a href=\"https:\/\/share.google\/hKJqZKi1qmYXZ7WeK\"> Mellangatan 1, G\u00f6teborg<\/a><\/p>\n\n\n\n<p class=\"wp-block-paragraph\"><strong>Kostnadsfritt <\/strong>f\u00f6r spes medlemmar <a href=\"https:\/\/spes.se\/bli_medlem\">(bli medlem)<\/a><\/p>\n\n\n\n<p class=\"wp-block-paragraph\">Du som har din f\u00f6rlust minst n\u00e5gra m\u00e5nader tillbaka \u00e4r v\u00e4lkommen att skicka din anm\u00e4lan senast 23 september till Sensus p\u00e5 l\u00e4nken <a href=\"https:\/\/www.sensus.se\/kurser-och-evenemang\/samtalstraffar-med-suicidprevention-och-efterlevandes-stod-1671844\/\" target=\"_blank\" rel=\"noreferrer noopener\">Spes st\u00f6d processgrupp i G\u00f6teborg<\/a><\/p>\n\n\n\n<p class=\"wp-block-paragraph\">Undrar du n\u00e5got s\u00e5 kontakta <a href=\"mailto:eva.holmqvist@spes.se\">eva.holmqvist@spes.se<\/a><\/p>\n\n\n\n<p class=\"wp-block-paragraph\">N\u00e5gon av ledarna Eva Holmqvist och Helena Gr\u00f6nberg kommer att kontakta dig efter anm\u00e4lan f\u00f6r ett kort informationssamtal d\u00e4r du \u00e4ven f\u00e5r m\u00f6jlighet att st\u00e4lla fr\u00e5gor inf\u00f6r f\u00f6rsta tr\u00e4ffen.<\/p>\n\n\n\n<p class=\"wp-block-paragraph\">Vi gruppledare har egen erfarenhet av suicidf\u00f6rlust.<\/p>\n\n\n\n<div class=\"wp-block-file\"><a id=\"wp-block-file--media-8576c4f6-c575-4102-835d-00a8bcceaa5f\" href=\"https:\/\/spes.se\/vastrakrets\/wp-content\/uploads\/sites\/10\/securepdfs\/2026\/08\/stodprocess2026-1.pdf\">Affisch St\u00f6dprocess i grupp <\/a><a href=\"https:\/\/spes.se\/vastrakrets\/wp-content\/uploads\/sites\/10\/securepdfs\/2026\/08\/stodprocess2026-1.pdf\" class=\"wp-block-file__button wp-element-button\" download aria-describedby=\"wp-block-file--media-8576c4f6-c575-4102-835d-00a8bcceaa5f\">Ladda ner<\/a><\/div>\n","protected":false},"excerpt":{"rendered":"<p>Spes st\u00f6dprocess i grupp &#8211; v\u00e4gen igenom och fram\u00e5t Under n\u00e5gra m\u00e5nader arrangeras en st\u00f6dprocessgrupp best\u00e5ende av 8 tillf\u00e4llen f\u00f6r max 8 deltagare. Gruppen kommer att tr\u00e4ffas ungef\u00e4r varannan vecka, med ett uppeh\u00e5ll \u00f6ver jul-och ny\u00e5rshelgen. Vid varje tillf\u00e4lle samtalar <a class=\"more-link\" href=\"https:\/\/spes.se\/vastrakrets\/blog\/2026\/08\/29\/strukturerade-stodsamtal\/\">L\u00e4s mer &#8230;<\/a><\/p>\n","protected":false},"author":31,"featured_media":14700,"comment_status":"closed","ping_status":"closed","sticky":false,"template":"","format":"standard","meta":{"_uag_custom_page_level_css":"","_coblocks_attr":"","_coblocks_dimensions":"","_coblocks_responsive_height":"","_coblocks_accordion_ie_support":"","wds_primary_category":1,"footnotes":""},"categories":[5,1],"tags":[],"class_list":["post-14698","post","type-post","status-publish","format-standard","has-post-thumbnail","hentry","category-aktuellt","category-uncategorized"],"spectra_custom_meta":{"_uagb_previous_block_counts":["a:90:{s:21:\"uagb\/advanced-heading\";i:0;s:15:\"uagb\/blockquote\";i:0;s:12:\"uagb\/buttons\";i:0;s:18:\"uagb\/buttons-child\";i:0;s:19:\"uagb\/call-to-action\";i:0;s:15:\"uagb\/cf7-styler\";i:0;s:11:\"uagb\/column\";i:0;s:12:\"uagb\/columns\";i:0;s:14:\"uagb\/container\";i:0;s:21:\"uagb\/content-timeline\";i:0;s:27:\"uagb\/content-timeline-child\";i:0;s:14:\"uagb\/countdown\";i:0;s:12:\"uagb\/counter\";i:0;s:8:\"uagb\/faq\";i:0;s:14:\"uagb\/faq-child\";i:0;s:10:\"uagb\/forms\";i:0;s:17:\"uagb\/forms-accept\";i:0;s:19:\"uagb\/forms-checkbox\";i:0;s:15:\"uagb\/forms-date\";i:0;s:16:\"uagb\/forms-email\";i:0;s:17:\"uagb\/forms-hidden\";i:0;s:15:\"uagb\/forms-name\";i:0;s:16:\"uagb\/forms-phone\";i:0;s:16:\"uagb\/forms-radio\";i:0;s:17:\"uagb\/forms-select\";i:0;s:19:\"uagb\/forms-textarea\";i:0;s:17:\"uagb\/forms-toggle\";i:0;s:14:\"uagb\/forms-url\";i:0;s:14:\"uagb\/gf-styler\";i:0;s:15:\"uagb\/google-map\";i:0;s:11:\"uagb\/how-to\";i:0;s:16:\"uagb\/how-to-step\";i:0;s:9:\"uagb\/icon\";i:0;s:14:\"uagb\/icon-list\";i:0;s:20:\"uagb\/icon-list-child\";i:0;s:10:\"uagb\/image\";i:0;s:18:\"uagb\/image-gallery\";i:0;s:13:\"uagb\/info-box\";i:0;s:18:\"uagb\/inline-notice\";i:0;s:11:\"uagb\/lottie\";i:0;s:21:\"uagb\/marketing-button\";i:0;s:10:\"uagb\/modal\";i:0;s:18:\"uagb\/popup-builder\";i:0;s:16:\"uagb\/post-button\";i:0;s:18:\"uagb\/post-carousel\";i:0;s:17:\"uagb\/post-excerpt\";i:0;s:14:\"uagb\/post-grid\";i:0;s:15:\"uagb\/post-image\";i:0;s:17:\"uagb\/post-masonry\";i:0;s:14:\"uagb\/post-meta\";i:0;s:18:\"uagb\/post-taxonomy\";i:0;s:18:\"uagb\/post-timeline\";i:0;s:15:\"uagb\/post-title\";i:0;s:20:\"uagb\/restaurant-menu\";i:0;s:26:\"uagb\/restaurant-menu-child\";i:0;s:11:\"uagb\/review\";i:0;s:12:\"uagb\/section\";i:0;s:14:\"uagb\/separator\";i:0;s:11:\"uagb\/slider\";i:0;s:17:\"uagb\/slider-child\";i:0;s:17:\"uagb\/social-share\";i:0;s:23:\"uagb\/social-share-child\";i:0;s:16:\"uagb\/star-rating\";i:0;s:23:\"uagb\/sure-cart-checkout\";i:0;s:22:\"uagb\/sure-cart-product\";i:0;s:15:\"uagb\/sure-forms\";i:0;s:22:\"uagb\/table-of-contents\";i:0;s:9:\"uagb\/tabs\";i:0;s:15:\"uagb\/tabs-child\";i:0;s:18:\"uagb\/taxonomy-list\";i:0;s:9:\"uagb\/team\";i:0;s:16:\"uagb\/testimonial\";i:0;s:14:\"uagb\/wp-search\";i:0;s:19:\"uagb\/instagram-feed\";i:0;s:10:\"uagb\/login\";i:0;s:17:\"uagb\/loop-builder\";i:0;s:18:\"uagb\/loop-category\";i:0;s:20:\"uagb\/loop-pagination\";i:0;s:15:\"uagb\/loop-reset\";i:0;s:16:\"uagb\/loop-search\";i:0;s:14:\"uagb\/loop-sort\";i:0;s:17:\"uagb\/loop-wrapper\";i:0;s:13:\"uagb\/register\";i:0;s:19:\"uagb\/register-email\";i:0;s:24:\"uagb\/register-first-name\";i:0;s:23:\"uagb\/register-last-name\";i:0;s:22:\"uagb\/register-password\";i:0;s:30:\"uagb\/register-reenter-password\";i:0;s:19:\"uagb\/register-terms\";i:0;s:22:\"uagb\/register-username\";i:0;}"],"_edit_lock":["1787912728:31"],"_thumbnail_id":["14700"],"_edit_last":["31"],"__post_views_count":["26"],"_uag_custom_page_level_css":[""],"_coblocks_attr":[""],"_coblocks_dimensions":[""],"_coblocks_responsive_height":[""],"_coblocks_accordion_ie_support":[""],"wds_primary_category":["1"],"footnotes":[""],"lucida-layout-option":["default"],"lucida-header-image":["default"],"lucida-sidebar-options":["default-sidebar"],"lucida-featured-image":["default"],"_wds_readability":["a:4:{s:5:\"score\";i:0;s:9:\"raw_score\";b:0;s:11:\"is_readable\";b:0;s:5:\"error\";s:40:\"Your language is currently not supported\";}"],"wp-smush-lcp-data-fb96bc735db9b21247e5d99ea64afa81":["a:6:{s:8:\"selector\";s:12:\".custom-logo\";s:14:\"selector_xpath\";s:45:\"\/html\/body\/div[1]\/header\/div\/div\/div[2]\/a\/img\";s:11:\"selector_id\";s:0:\"\";s:14:\"selector_class\";s:35:\"custom-logo ls-is-cached lazyloaded\";s:9:\"image_url\";s:102:\"https:\/\/spes.se\/vastrakrets\/wp-content\/uploads\/sites\/10\/2022\/11\/SPES-logo-liggande-vect-vg-halland.svg\";s:7:\"version\";i:0;}"],"_uag_page_assets":["a:9:{s:3:\"css\";s:0:\"\";s:2:\"js\";s:0:\"\";s:18:\"current_block_list\";a:13:{i:0;s:24:\"core\/post-featured-image\";i:1;s:14:\"core\/paragraph\";i:2;s:9:\"core\/file\";i:3;s:12:\"core\/heading\";i:4;s:14:\"core\/separator\";i:5;s:14:\"core\/shortcode\";i:6;s:12:\"core\/buttons\";i:7;s:11:\"core\/button\";i:8;s:10:\"core\/image\";i:9;s:8:\"core\/rss\";i:10;s:17:\"core\/social-links\";i:11;s:16:\"core\/social-link\";i:12;s:26:\"coblocks\/dynamic-separator\";}s:8:\"uag_flag\";b:0;s:11:\"uag_version\";s:10:\"1788287721\";s:6:\"gfonts\";a:0:{}s:10:\"gfonts_url\";s:0:\"\";s:12:\"gfonts_files\";a:0:{}s:14:\"uag_faq_layout\";b:0;}"]},"uagb_featured_image_src":{"full":["https:\/\/spes.se\/vastrakrets\/wp-content\/uploads\/sites\/10\/2026\/08\/IMG_5902.jpg",1668,1029,false],"thumbnail":["https:\/\/spes.se\/vastrakrets\/wp-content\/uploads\/sites\/10\/2026\/08\/IMG_5902-150x150.jpg",150,150,true],"medium":["https:\/\/spes.se\/vastrakrets\/wp-content\/uploads\/sites\/10\/2026\/08\/IMG_5902-300x185.jpg",300,185,true],"medium_large":["https:\/\/spes.se\/vastrakrets\/wp-content\/uploads\/sites\/10\/2026\/08\/IMG_5902-768x474.jpg",620,383,true],"large":["https:\/\/spes.se\/vastrakrets\/wp-content\/uploads\/sites\/10\/2026\/08\/IMG_5902-620x382.jpg",620,382,true],"1536x1536":["https:\/\/spes.se\/vastrakrets\/wp-content\/uploads\/sites\/10\/2026\/08\/IMG_5902-1536x948.jpg",1536,948,true],"2048x2048":["https:\/\/spes.se\/vastrakrets\/wp-content\/uploads\/sites\/10\/2026\/08\/IMG_5902.jpg",1668,1029,false],"ultp_layout_landscape_large":["https:\/\/spes.se\/vastrakrets\/wp-content\/uploads\/sites\/10\/2026\/08\/IMG_5902-1200x800.jpg",1200,800,true],"ultp_layout_landscape":["https:\/\/spes.se\/vastrakrets\/wp-content\/uploads\/sites\/10\/2026\/08\/IMG_5902-870x570.jpg",870,570,true],"ultp_layout_portrait":["https:\/\/spes.se\/vastrakrets\/wp-content\/uploads\/sites\/10\/2026\/08\/IMG_5902-600x900.jpg",600,900,true],"ultp_layout_square":["https:\/\/spes.se\/vastrakrets\/wp-content\/uploads\/sites\/10\/2026\/08\/IMG_5902-600x600.jpg",600,600,true],"post-thumbnail":["https:\/\/spes.se\/vastrakrets\/wp-content\/uploads\/sites\/10\/2026\/08\/IMG_5902-620x413.jpg",620,413,true],"lucida-slider":["https:\/\/spes.se\/vastrakrets\/wp-content\/uploads\/sites\/10\/2026\/08\/IMG_5902-1668x800.jpg",1668,800,true],"lucida-featured":["https:\/\/spes.se\/vastrakrets\/wp-content\/uploads\/sites\/10\/2026\/08\/IMG_5902-880x660.jpg",880,660,true],"lucida-landscape":["https:\/\/spes.se\/vastrakrets\/wp-content\/uploads\/sites\/10\/2026\/08\/IMG_5902-480x320.jpg",480,320,true],"lucida-small":["https:\/\/spes.se\/vastrakrets\/wp-content\/uploads\/sites\/10\/2026\/08\/IMG_5902-90x68.jpg",90,68,true]},"uagb_author_info":{"display_name":"bgarate","author_link":"https:\/\/spes.se\/vastrakrets\/blog\/author\/bgarate\/"},"uagb_comment_info":0,"uagb_excerpt":"Spes st\u00f6dprocess i grupp &#8211; v\u00e4gen igenom och fram\u00e5t Under n\u00e5gra m\u00e5nader arrangeras en st\u00f6dprocessgrupp best\u00e5ende av 8 tillf\u00e4llen f\u00f6r max 8 deltagare. Gruppen kommer att tr\u00e4ffas ungef\u00e4r varannan vecka, med ett uppeh\u00e5ll \u00f6ver jul-och ny\u00e5rshelgen. Vid varje tillf\u00e4lle samtalar L\u00e4s mer ...","_links":{"self":[{"href":"https:\/\/spes.se\/vastrakrets\/wp-json\/wp\/v2\/posts\/14698","targetHints":{"allow":["GET"]}}],"collection":[{"href":"https:\/\/spes.se\/vastrakrets\/wp-json\/wp\/v2\/posts"}],"about":[{"href":"https:\/\/spes.se\/vastrakrets\/wp-json\/wp\/v2\/types\/post"}],"author":[{"embeddable":true,"href":"https:\/\/spes.se\/vastrakrets\/wp-json\/wp\/v2\/users\/31"}],"replies":[{"embeddable":true,"href":"https:\/\/spes.se\/vastrakrets\/wp-json\/wp\/v2\/comments?post=14698"}],"version-history":[{"count":0,"href":"https:\/\/spes.se\/vastrakrets\/wp-json\/wp\/v2\/posts\/14698\/revisions"}],"wp:featuredmedia":[{"embeddable":true,"href":"https:\/\/spes.se\/vastrakrets\/wp-json\/wp\/v2\/media\/14700"}],"wp:attachment":[{"href":"https:\/\/spes.se\/vastrakrets\/wp-json\/wp\/v2\/media?parent=14698"}],"wp:term":[{"taxonomy":"category","embeddable":true,"href":"https:\/\/spes.se\/vastrakrets\/wp-json\/wp\/v2\/categories?post=14698"},{"taxonomy":"post_tag","embeddable":true,"href":"https:\/\/spes.se\/vastrakrets\/wp-json\/wp\/v2\/tags?post=14698"}],"curies":[{"name":"wp","href":"https:\/\/api.w.org\/{rel}","templated":true}]}}