{"id":14717,"date":"2026-09-01T14:15:22","date_gmt":"2026-09-01T13:15:22","guid":{"rendered":"https:\/\/spes.se\/vastrakrets\/?p=14717"},"modified":"2026-09-01T14:45:24","modified_gmt":"2026-09-01T13:45:24","slug":"varberg-10-9","status":"publish","type":"post","link":"https:\/\/spes.se\/vastrakrets\/blog\/2026\/09\/01\/varberg-10-9\/","title":{"rendered":"10\/9 Varberg"},"content":{"rendered":"\n<p class=\"wp-block-paragraph\">Den 10 september uppm\u00e4rksammas den Internationella Suicidpreventiva dagen. I Varberg arrangeras en kv\u00e4ll som b\u00f6rjar med en f\u00f6rel\u00e4sning i Lilla teatern och avslutas med ljust\u00e4ndning och musik. Det kommer \u00e4ven finnas en digital f\u00f6rel\u00e4sning 8\/9 om psykisk livr\u00e4ddning i samband med dagen. <\/p>\n\n\n\n<p class=\"wp-block-paragraph\"><\/p>\n\n\n\n<p class=\"wp-block-paragraph\"><strong>Program<\/strong> <\/p>\n\n\n\n<p class=\"wp-block-paragraph\"><strong>8\/9<\/strong> kl. 18-20 Psykisk Livr\u00e4ddning (digitalt)<\/p>\n\n\n\n<p class=\"wp-block-paragraph\"><em>Psykisk livr\u00e4ddning &#8211; vill du k\u00e4nna dig trygg att agera om n\u00e5gon i din n\u00e4rhet drabbats av psykisk oh\u00e4lsa? Du f\u00e5r grundl\u00e4ggande kunskap och konkreta verktyg f\u00f6r att v\u00e5ga fr\u00e5ga hur n\u00e5gon m\u00e5r, lyssna utan att d\u00f6ma, ge st\u00f6d i sv\u00e5ra situationer, veta n\u00e4r och hur professionell hj\u00e4lp b\u00f6r s\u00f6kas. Arrang\u00f6r \u00e4r Region Halland i samarbete med de hall\u00e4ndska kommunerna och f\u00f6reningen SPIV.<\/em><\/p>\n\n\n\n<p class=\"wp-block-paragraph\"><a href=\"https:\/\/varberg.se\/kalender\/varbergs-kommun\/2026-08-28-suicidpreventiva---dagen-10-september?utm_campaign=suicidpreventiva_dagen&amp;utm_source=affisch\">Anm\u00e4l dig H\u00c4R <\/a><\/p>\n\n\n\n<p class=\"wp-block-paragraph\"><\/p>\n\n\n\n<p class=\"wp-block-paragraph\"><strong>10\/9 <\/strong>kl.17-18.30 F\u00f6rel\u00e4sning om psykisk h\u00e4lsa och konsten att hantera motg\u00e5ngar i livet <\/p>\n\n\n\n<p class=\"wp-block-paragraph\">Plats: <a href=\"https:\/\/maps.app.goo.gl\/FkwuCkpDytj6GYjF6\">Lilla Teatern<\/a>,<a href=\"https:\/\/maps.app.goo.gl\/FkwuCkpDytj6GYjF6\"> Komedianten <\/a><\/p>\n\n\n\n<p class=\"wp-block-paragraph\">Varbergs kommun erbjuder en f\u00f6rel\u00e4sning om psykisk h\u00e4lsa och konsten att hantera motg\u00e5ngar i livet. Genom att st\u00e4rka den psykologiska motst\u00e5ndskraften kan du ge dig sj\u00e4lv och personer i din omgivning f\u00f6ruts\u00e4ttningar att klara motg\u00e5ngar i livet.<br>Ingen f\u00f6ranm\u00e4lan.<\/p>\n\n\n\n<p class=\"wp-block-paragraph\"><\/p>\n\n\n\n<p class=\"wp-block-paragraph\"><strong>10\/9<\/strong> kl. 18 <a href=\"https:\/\/maps.app.goo.gl\/pcPQFtRXe7RdgiNV8\">Varbergs kyrka<\/a><\/p>\n\n\n\n<p class=\"wp-block-paragraph\">Musik av Simon Blad och Jonna Holsten. Vi t\u00e4nder ljus f\u00f6r alla som inte orkade, f\u00f6r alla som k\u00e4mpar och f\u00f6r oss som finns kvar. I samarbete med Suicide Zero. Ingen f\u00f6ranm\u00e4lan.<br><\/p>\n\n\n\n<p class=\"wp-block-paragraph\"><a href=\"https:\/\/varberg.se\/kalender\/varbergs-kommun\/2026-08-28-suicidpreventiva---dagen-10-september\">L\u00e4s mer p\u00e5 Kommunens hemsida<\/a><\/p>\n\n\n\n<div class=\"wp-block-file\"><a id=\"wp-block-file--media-8e153e1b-c64f-4347-9439-48db7599f655\" href=\"https:\/\/spes.se\/vastrakrets\/wp-content\/uploads\/sites\/10\/securepdfs\/2026\/09\/Affisch-Suicidpreventiva-dagen-Varberg.pdf\">Affisch Suicidpreventiva dagen Varberg<\/a><a href=\"https:\/\/spes.se\/vastrakrets\/wp-content\/uploads\/sites\/10\/securepdfs\/2026\/09\/Affisch-Suicidpreventiva-dagen-Varberg.pdf\" class=\"wp-block-file__button wp-element-button\" download aria-describedby=\"wp-block-file--media-8e153e1b-c64f-4347-9439-48db7599f655\">Ladda ner<\/a><\/div>\n\n\n\n<p class=\"wp-block-paragraph\"><\/p>\n\n\n\n<p class=\"wp-block-paragraph\">Vi kommer att dela mer information om Suicidpreventiva dagen och v\u00e5ra aktiviteter l\u00f6pande h\u00e4r p\u00e5 hemsidan.<\/p>\n\n\n\n<p class=\"wp-block-paragraph\">L\u00e4s mer om dagen p\u00e5&nbsp;<a href=\"https:\/\/suicidpreventivadagen.se\/\">suicidpreventivadagen.se<\/a><\/p>\n\n\n\n<p class=\"wp-block-paragraph\"><strong>Tillsammans f\u00f6rebygger vi sj\u00e4lvmord.<\/strong>&nbsp;\ud83d\udc9c<\/p>\n\n\n\n<p class=\"wp-block-paragraph\"><\/p>\n","protected":false},"excerpt":{"rendered":"<p>Den 10 september uppm\u00e4rksammas den Internationella Suicidpreventiva dagen. I Varberg arrangeras en kv\u00e4ll som b\u00f6rjar med en f\u00f6rel\u00e4sning i Lilla teatern och avslutas med ljust\u00e4ndning och musik. Det kommer \u00e4ven finnas en digital f\u00f6rel\u00e4sning 8\/9 om psykisk livr\u00e4ddning i samband <a class=\"more-link\" href=\"https:\/\/spes.se\/vastrakrets\/blog\/2026\/09\/01\/varberg-10-9\/\">L\u00e4s mer &#8230;<\/a><\/p>\n","protected":false},"author":31,"featured_media":14718,"comment_status":"closed","ping_status":"closed","sticky":false,"template":"","format":"standard","meta":{"_uag_custom_page_level_css":"","_coblocks_attr":"","_coblocks_dimensions":"","_coblocks_responsive_height":"","_coblocks_accordion_ie_support":"","wds_primary_category":113,"footnotes":""},"categories":[113],"tags":[],"class_list":["post-14717","post","type-post","status-publish","format-standard","has-post-thumbnail","hentry","category-suicidpreventiva-dagen"],"spectra_custom_meta":{"_uagb_previous_block_counts":["a:90:{s:21:\"uagb\/advanced-heading\";i:0;s:15:\"uagb\/blockquote\";i:0;s:12:\"uagb\/buttons\";i:0;s:18:\"uagb\/buttons-child\";i:0;s:19:\"uagb\/call-to-action\";i:0;s:15:\"uagb\/cf7-styler\";i:0;s:11:\"uagb\/column\";i:0;s:12:\"uagb\/columns\";i:0;s:14:\"uagb\/container\";i:0;s:21:\"uagb\/content-timeline\";i:0;s:27:\"uagb\/content-timeline-child\";i:0;s:14:\"uagb\/countdown\";i:0;s:12:\"uagb\/counter\";i:0;s:8:\"uagb\/faq\";i:0;s:14:\"uagb\/faq-child\";i:0;s:10:\"uagb\/forms\";i:0;s:17:\"uagb\/forms-accept\";i:0;s:19:\"uagb\/forms-checkbox\";i:0;s:15:\"uagb\/forms-date\";i:0;s:16:\"uagb\/forms-email\";i:0;s:17:\"uagb\/forms-hidden\";i:0;s:15:\"uagb\/forms-name\";i:0;s:16:\"uagb\/forms-phone\";i:0;s:16:\"uagb\/forms-radio\";i:0;s:17:\"uagb\/forms-select\";i:0;s:19:\"uagb\/forms-textarea\";i:0;s:17:\"uagb\/forms-toggle\";i:0;s:14:\"uagb\/forms-url\";i:0;s:14:\"uagb\/gf-styler\";i:0;s:15:\"uagb\/google-map\";i:0;s:11:\"uagb\/how-to\";i:0;s:16:\"uagb\/how-to-step\";i:0;s:9:\"uagb\/icon\";i:0;s:14:\"uagb\/icon-list\";i:0;s:20:\"uagb\/icon-list-child\";i:0;s:10:\"uagb\/image\";i:0;s:18:\"uagb\/image-gallery\";i:0;s:13:\"uagb\/info-box\";i:0;s:18:\"uagb\/inline-notice\";i:0;s:11:\"uagb\/lottie\";i:0;s:21:\"uagb\/marketing-button\";i:0;s:10:\"uagb\/modal\";i:0;s:18:\"uagb\/popup-builder\";i:0;s:16:\"uagb\/post-button\";i:0;s:18:\"uagb\/post-carousel\";i:0;s:17:\"uagb\/post-excerpt\";i:0;s:14:\"uagb\/post-grid\";i:0;s:15:\"uagb\/post-image\";i:0;s:17:\"uagb\/post-masonry\";i:0;s:14:\"uagb\/post-meta\";i:0;s:18:\"uagb\/post-taxonomy\";i:0;s:18:\"uagb\/post-timeline\";i:0;s:15:\"uagb\/post-title\";i:0;s:20:\"uagb\/restaurant-menu\";i:0;s:26:\"uagb\/restaurant-menu-child\";i:0;s:11:\"uagb\/review\";i:0;s:12:\"uagb\/section\";i:0;s:14:\"uagb\/separator\";i:0;s:11:\"uagb\/slider\";i:0;s:17:\"uagb\/slider-child\";i:0;s:17:\"uagb\/social-share\";i:0;s:23:\"uagb\/social-share-child\";i:0;s:16:\"uagb\/star-rating\";i:0;s:23:\"uagb\/sure-cart-checkout\";i:0;s:22:\"uagb\/sure-cart-product\";i:0;s:15:\"uagb\/sure-forms\";i:0;s:22:\"uagb\/table-of-contents\";i:0;s:9:\"uagb\/tabs\";i:0;s:15:\"uagb\/tabs-child\";i:0;s:18:\"uagb\/taxonomy-list\";i:0;s:9:\"uagb\/team\";i:0;s:16:\"uagb\/testimonial\";i:0;s:14:\"uagb\/wp-search\";i:0;s:19:\"uagb\/instagram-feed\";i:0;s:10:\"uagb\/login\";i:0;s:17:\"uagb\/loop-builder\";i:0;s:18:\"uagb\/loop-category\";i:0;s:20:\"uagb\/loop-pagination\";i:0;s:15:\"uagb\/loop-reset\";i:0;s:16:\"uagb\/loop-search\";i:0;s:14:\"uagb\/loop-sort\";i:0;s:17:\"uagb\/loop-wrapper\";i:0;s:13:\"uagb\/register\";i:0;s:19:\"uagb\/register-email\";i:0;s:24:\"uagb\/register-first-name\";i:0;s:23:\"uagb\/register-last-name\";i:0;s:22:\"uagb\/register-password\";i:0;s:30:\"uagb\/register-reenter-password\";i:0;s:19:\"uagb\/register-terms\";i:0;s:22:\"uagb\/register-username\";i:0;}"],"_edit_lock":["1788270326:31"],"_thumbnail_id":["14718"],"_edit_last":["31"],"__post_views_count":["8"],"_uag_custom_page_level_css":[""],"_coblocks_attr":[""],"_coblocks_dimensions":[""],"_coblocks_responsive_height":[""],"_coblocks_accordion_ie_support":[""],"wds_primary_category":["113"],"footnotes":[""],"lucida-layout-option":["default"],"lucida-header-image":["default"],"lucida-sidebar-options":["default-sidebar"],"lucida-featured-image":["default"],"_wds_readability":["a:4:{s:5:\"score\";i:0;s:9:\"raw_score\";b:0;s:11:\"is_readable\";b:0;s:5:\"error\";s:40:\"Your language is currently not supported\";}"],"wp-smush-lcp-data-3fb290533414c95148ba38ac81fa85c9":["a:6:{s:8:\"selector\";s:12:\".custom-logo\";s:14:\"selector_xpath\";s:45:\"\/html\/body\/div[2]\/header\/div\/div\/div[2]\/a\/img\";s:11:\"selector_id\";s:0:\"\";s:14:\"selector_class\";s:35:\"custom-logo ls-is-cached lazyloaded\";s:9:\"image_url\";s:102:\"https:\/\/spes.se\/vastrakrets\/wp-content\/uploads\/sites\/10\/2022\/11\/SPES-logo-liggande-vect-vg-halland.svg\";s:7:\"version\";i:0;}"],"wp-smush-lcp-data-3f19e31583265c356f7c9d062b47458d":["a:6:{s:8:\"selector\";s:12:\".custom-logo\";s:14:\"selector_xpath\";s:45:\"\/html\/body\/div[1]\/header\/div\/div\/div[2]\/a\/img\";s:11:\"selector_id\";s:0:\"\";s:14:\"selector_class\";s:35:\"custom-logo ls-is-cached lazyloaded\";s:9:\"image_url\";s:102:\"https:\/\/spes.se\/vastrakrets\/wp-content\/uploads\/sites\/10\/2022\/11\/SPES-logo-liggande-vect-vg-halland.svg\";s:7:\"version\";i:0;}"],"_uag_page_assets":["a:9:{s:3:\"css\";s:0:\"\";s:2:\"js\";s:0:\"\";s:18:\"current_block_list\";a:12:{i:0;s:14:\"core\/paragraph\";i:1;s:9:\"core\/file\";i:2;s:12:\"core\/heading\";i:3;s:14:\"core\/separator\";i:4;s:14:\"core\/shortcode\";i:5;s:12:\"core\/buttons\";i:6;s:11:\"core\/button\";i:7;s:10:\"core\/image\";i:8;s:8:\"core\/rss\";i:9;s:17:\"core\/social-links\";i:10;s:16:\"core\/social-link\";i:11;s:26:\"coblocks\/dynamic-separator\";}s:8:\"uag_flag\";b:0;s:11:\"uag_version\";s:10:\"1788287721\";s:6:\"gfonts\";a:0:{}s:10:\"gfonts_url\";s:0:\"\";s:12:\"gfonts_files\";a:0:{}s:14:\"uag_faq_layout\";b:0;}"]},"uagb_featured_image_src":{"full":["https:\/\/spes.se\/vastrakrets\/wp-content\/uploads\/sites\/10\/2026\/09\/IMG_5924.jpg",1476,1004,false],"thumbnail":["https:\/\/spes.se\/vastrakrets\/wp-content\/uploads\/sites\/10\/2026\/09\/IMG_5924-150x150.jpg",150,150,true],"medium":["https:\/\/spes.se\/vastrakrets\/wp-content\/uploads\/sites\/10\/2026\/09\/IMG_5924-300x204.jpg",300,204,true],"medium_large":["https:\/\/spes.se\/vastrakrets\/wp-content\/uploads\/sites\/10\/2026\/09\/IMG_5924-768x522.jpg",620,421,true],"large":["https:\/\/spes.se\/vastrakrets\/wp-content\/uploads\/sites\/10\/2026\/09\/IMG_5924-607x413.jpg",607,413,true],"1536x1536":["https:\/\/spes.se\/vastrakrets\/wp-content\/uploads\/sites\/10\/2026\/09\/IMG_5924.jpg",1476,1004,false],"2048x2048":["https:\/\/spes.se\/vastrakrets\/wp-content\/uploads\/sites\/10\/2026\/09\/IMG_5924.jpg",1476,1004,false],"ultp_layout_landscape_large":["https:\/\/spes.se\/vastrakrets\/wp-content\/uploads\/sites\/10\/2026\/09\/IMG_5924-1200x800.jpg",1200,800,true],"ultp_layout_landscape":["https:\/\/spes.se\/vastrakrets\/wp-content\/uploads\/sites\/10\/2026\/09\/IMG_5924-870x570.jpg",870,570,true],"ultp_layout_portrait":["https:\/\/spes.se\/vastrakrets\/wp-content\/uploads\/sites\/10\/2026\/09\/IMG_5924-600x900.jpg",600,900,true],"ultp_layout_square":["https:\/\/spes.se\/vastrakrets\/wp-content\/uploads\/sites\/10\/2026\/09\/IMG_5924-600x600.jpg",600,600,true],"post-thumbnail":["https:\/\/spes.se\/vastrakrets\/wp-content\/uploads\/sites\/10\/2026\/09\/IMG_5924-620x413.jpg",620,413,true],"lucida-slider":["https:\/\/spes.se\/vastrakrets\/wp-content\/uploads\/sites\/10\/2026\/09\/IMG_5924-1476x800.jpg",1476,800,true],"lucida-featured":["https:\/\/spes.se\/vastrakrets\/wp-content\/uploads\/sites\/10\/2026\/09\/IMG_5924-880x660.jpg",880,660,true],"lucida-landscape":["https:\/\/spes.se\/vastrakrets\/wp-content\/uploads\/sites\/10\/2026\/09\/IMG_5924-480x320.jpg",480,320,true],"lucida-small":["https:\/\/spes.se\/vastrakrets\/wp-content\/uploads\/sites\/10\/2026\/09\/IMG_5924-90x68.jpg",90,68,true]},"uagb_author_info":{"display_name":"bgarate","author_link":"https:\/\/spes.se\/vastrakrets\/blog\/author\/bgarate\/"},"uagb_comment_info":0,"uagb_excerpt":"Den 10 september uppm\u00e4rksammas den Internationella Suicidpreventiva dagen. I Varberg arrangeras en kv\u00e4ll som b\u00f6rjar med en f\u00f6rel\u00e4sning i Lilla teatern och avslutas med ljust\u00e4ndning och musik. Det kommer \u00e4ven finnas en digital f\u00f6rel\u00e4sning 8\/9 om psykisk livr\u00e4ddning i samband L\u00e4s mer ...","_links":{"self":[{"href":"https:\/\/spes.se\/vastrakrets\/wp-json\/wp\/v2\/posts\/14717","targetHints":{"allow":["GET"]}}],"collection":[{"href":"https:\/\/spes.se\/vastrakrets\/wp-json\/wp\/v2\/posts"}],"about":[{"href":"https:\/\/spes.se\/vastrakrets\/wp-json\/wp\/v2\/types\/post"}],"author":[{"embeddable":true,"href":"https:\/\/spes.se\/vastrakrets\/wp-json\/wp\/v2\/users\/31"}],"replies":[{"embeddable":true,"href":"https:\/\/spes.se\/vastrakrets\/wp-json\/wp\/v2\/comments?post=14717"}],"version-history":[{"count":0,"href":"https:\/\/spes.se\/vastrakrets\/wp-json\/wp\/v2\/posts\/14717\/revisions"}],"wp:featuredmedia":[{"embeddable":true,"href":"https:\/\/spes.se\/vastrakrets\/wp-json\/wp\/v2\/media\/14718"}],"wp:attachment":[{"href":"https:\/\/spes.se\/vastrakrets\/wp-json\/wp\/v2\/media?parent=14717"}],"wp:term":[{"taxonomy":"category","embeddable":true,"href":"https:\/\/spes.se\/vastrakrets\/wp-json\/wp\/v2\/categories?post=14717"},{"taxonomy":"post_tag","embeddable":true,"href":"https:\/\/spes.se\/vastrakrets\/wp-json\/wp\/v2\/tags?post=14717"}],"curies":[{"name":"wp","href":"https:\/\/api.w.org\/{rel}","templated":true}]}}