{"id":14723,"date":"2026-09-01T19:35:00","date_gmt":"2026-09-01T18:35:00","guid":{"rendered":"https:\/\/spes.se\/vastrakrets\/?p=14723"},"modified":"2026-09-01T14:45:04","modified_gmt":"2026-09-01T13:45:04","slug":"10-9-tidaholm","status":"publish","type":"post","link":"https:\/\/spes.se\/vastrakrets\/blog\/2026\/09\/01\/10-9-tidaholm\/","title":{"rendered":"10\/9 Tidaholm"},"content":{"rendered":"\n<p class=\"wp-block-paragraph\">Den 10 september uppm\u00e4rksammas den Internationella Suicidpreventiva dagen. I Tidaholm serveras fika inf\u00f6r en f\u00f6rsl\u00e4sning med Charlie Eriksson som skrivit boken Aldrig ensam. Kv\u00e4llen avslutas med ljust\u00e4ndning.<\/p>\n\n\n\n<p class=\"wp-block-paragraph\"><strong>Program<\/strong> <strong>10\/9<\/strong><\/p>\n\n\n\n<p class=\"wp-block-paragraph\"><strong>kl. 13-14<\/strong> <a href=\"https:\/\/maps.app.goo.gl\/7yjGewcsXA2MFk5d7\">Tidaholms kyrka<\/a><\/p>\n\n\n\n<p class=\"wp-block-paragraph\"><em>M\u00f6jlighet att sitta ner i kyrkan, t\u00e4nda ljus och lyssna till instrumental musik. <\/em><\/p>\n\n\n\n<p class=\"wp-block-paragraph\"><\/p>\n\n\n\n<p class=\"wp-block-paragraph\"><strong> kl.18.30 <\/strong><a href=\"https:\/\/maps.app.goo.gl\/nQNGhGjV2k4qTfTU7\">Disponentvillan<\/a><\/p>\n\n\n\n<p class=\"wp-block-paragraph\"><em>Fika serveras fr\u00e5n kl.18 och \u00e4r gratis. <\/em><\/p>\n\n\n\n<p class=\"wp-block-paragraph\"><span style=\"text-decoration: underline\">F\u00f6rel\u00e4sning med Charlie Eriksson<\/span><\/p>\n\n\n\n<p class=\"wp-block-paragraph\"><em>Med sin egen ber\u00e4ttelse i centrum f\u00f6rel\u00e4ser Charlie Eriksson om \u00e4mnen som depression, suicidprevention och tystnadskultur p\u00e5 ett s\u00e4tt som v\u00e4cker b\u00e5de eftertanke och samtal. F\u00f6rel\u00e4sningen bygger p\u00e5 hans bok Aldrig Ensam och ger b\u00e5de kunskap, hopp och konkreta r\u00e5d f\u00f6r att f\u00f6rst\u00e5 och bem\u00f6ta psykisk oh\u00e4lsa.<\/em><\/p>\n\n\n\n<p class=\"wp-block-paragraph\"><\/p>\n\n\n\n<p class=\"wp-block-paragraph\"><strong>kl. 19.45<\/strong> <a href=\"https:\/\/share.google\/EIQUVBfZOYR3xFQNo\u00a8\">Gamla Torget<\/a><\/p>\n\n\n\n<p class=\"wp-block-paragraph\"><em>Kv\u00e4llen avslutas med ljust\u00e4ndning f\u00f6r att hedra de som har avlidit i suicid.<\/em><\/p>\n\n\n\n<p class=\"wp-block-paragraph\"><\/p>\n\n\n\n<p class=\"wp-block-paragraph\">L\u00e4s hela programmet nedan f\u00f6r ytterligare arrangemang: <\/p>\n\n\n\n<div class=\"wp-block-file\"><a id=\"wp-block-file--media-fbad5fec-f2e0-4469-9831-40a2c329c091\" href=\"https:\/\/spes.se\/vastrakrets\/wp-content\/uploads\/sites\/10\/securepdfs\/2026\/09\/Tidaholm.pdf\">Affisch Tidaholm Suicidpreventiva dagen 2026<\/a><a href=\"https:\/\/spes.se\/vastrakrets\/wp-content\/uploads\/sites\/10\/securepdfs\/2026\/09\/Tidaholm.pdf\" class=\"wp-block-file__button wp-element-button\" download aria-describedby=\"wp-block-file--media-fbad5fec-f2e0-4469-9831-40a2c329c091\">Ladda ner<\/a><\/div>\n\n\n\n<p class=\"wp-block-paragraph\"><\/p>\n\n\n\n<p class=\"wp-block-paragraph\">Vi v\u00e4lkomnar dig som vill veta mer om suicidprevention, uppm\u00e4rksamma dem vi f\u00f6rlorat och bidra till att f\u00f6rebygga suicid. Material fr\u00e5n Spes och vilket st\u00f6d som finns f\u00f6r den som f\u00f6rlorat n\u00e5gon i suicid finns p\u00e5 plats.<\/p>\n\n\n\n<p class=\"wp-block-paragraph\">Vi kommer att dela mer information om Suicidpreventiva dagen och v\u00e5ra aktiviteter l\u00f6pande h\u00e4r p\u00e5 hemsidan.<\/p>\n\n\n\n<p class=\"wp-block-paragraph\">L\u00e4s mer om dagen p\u00e5&nbsp;<a href=\"https:\/\/suicidpreventivadagen.se\/\">suicidpreventivadagen.se<\/a><\/p>\n\n\n\n<p class=\"wp-block-paragraph\"><strong>Tillsammans f\u00f6rebygger vi sj\u00e4lvmord.<\/strong>&nbsp;\ud83d\udc9c<\/p>\n","protected":false},"excerpt":{"rendered":"<p>Den 10 september uppm\u00e4rksammas den Internationella Suicidpreventiva dagen. I Tidaholm serveras fika inf\u00f6r en f\u00f6rsl\u00e4sning med Charlie Eriksson som skrivit boken Aldrig ensam. Kv\u00e4llen avslutas med ljust\u00e4ndning. Program 10\/9 kl. 13-14 Tidaholms kyrka M\u00f6jlighet att sitta ner i kyrkan, t\u00e4nda <a class=\"more-link\" href=\"https:\/\/spes.se\/vastrakrets\/blog\/2026\/09\/01\/10-9-tidaholm\/\">L\u00e4s mer &#8230;<\/a><\/p>\n","protected":false},"author":31,"featured_media":14725,"comment_status":"closed","ping_status":"closed","sticky":false,"template":"","format":"standard","meta":{"_uag_custom_page_level_css":"","_coblocks_attr":"","_coblocks_dimensions":"","_coblocks_responsive_height":"","_coblocks_accordion_ie_support":"","wds_primary_category":1,"footnotes":""},"categories":[113],"tags":[],"class_list":["post-14723","post","type-post","status-publish","format-standard","has-post-thumbnail","hentry","category-suicidpreventiva-dagen"],"spectra_custom_meta":{"_uagb_previous_block_counts":["a:90:{s:21:\"uagb\/advanced-heading\";i:0;s:15:\"uagb\/blockquote\";i:0;s:12:\"uagb\/buttons\";i:0;s:18:\"uagb\/buttons-child\";i:0;s:19:\"uagb\/call-to-action\";i:0;s:15:\"uagb\/cf7-styler\";i:0;s:11:\"uagb\/column\";i:0;s:12:\"uagb\/columns\";i:0;s:14:\"uagb\/container\";i:0;s:21:\"uagb\/content-timeline\";i:0;s:27:\"uagb\/content-timeline-child\";i:0;s:14:\"uagb\/countdown\";i:0;s:12:\"uagb\/counter\";i:0;s:8:\"uagb\/faq\";i:0;s:14:\"uagb\/faq-child\";i:0;s:10:\"uagb\/forms\";i:0;s:17:\"uagb\/forms-accept\";i:0;s:19:\"uagb\/forms-checkbox\";i:0;s:15:\"uagb\/forms-date\";i:0;s:16:\"uagb\/forms-email\";i:0;s:17:\"uagb\/forms-hidden\";i:0;s:15:\"uagb\/forms-name\";i:0;s:16:\"uagb\/forms-phone\";i:0;s:16:\"uagb\/forms-radio\";i:0;s:17:\"uagb\/forms-select\";i:0;s:19:\"uagb\/forms-textarea\";i:0;s:17:\"uagb\/forms-toggle\";i:0;s:14:\"uagb\/forms-url\";i:0;s:14:\"uagb\/gf-styler\";i:0;s:15:\"uagb\/google-map\";i:0;s:11:\"uagb\/how-to\";i:0;s:16:\"uagb\/how-to-step\";i:0;s:9:\"uagb\/icon\";i:0;s:14:\"uagb\/icon-list\";i:0;s:20:\"uagb\/icon-list-child\";i:0;s:10:\"uagb\/image\";i:0;s:18:\"uagb\/image-gallery\";i:0;s:13:\"uagb\/info-box\";i:0;s:18:\"uagb\/inline-notice\";i:0;s:11:\"uagb\/lottie\";i:0;s:21:\"uagb\/marketing-button\";i:0;s:10:\"uagb\/modal\";i:0;s:18:\"uagb\/popup-builder\";i:0;s:16:\"uagb\/post-button\";i:0;s:18:\"uagb\/post-carousel\";i:0;s:17:\"uagb\/post-excerpt\";i:0;s:14:\"uagb\/post-grid\";i:0;s:15:\"uagb\/post-image\";i:0;s:17:\"uagb\/post-masonry\";i:0;s:14:\"uagb\/post-meta\";i:0;s:18:\"uagb\/post-taxonomy\";i:0;s:18:\"uagb\/post-timeline\";i:0;s:15:\"uagb\/post-title\";i:0;s:20:\"uagb\/restaurant-menu\";i:0;s:26:\"uagb\/restaurant-menu-child\";i:0;s:11:\"uagb\/review\";i:0;s:12:\"uagb\/section\";i:0;s:14:\"uagb\/separator\";i:0;s:11:\"uagb\/slider\";i:0;s:17:\"uagb\/slider-child\";i:0;s:17:\"uagb\/social-share\";i:0;s:23:\"uagb\/social-share-child\";i:0;s:16:\"uagb\/star-rating\";i:0;s:23:\"uagb\/sure-cart-checkout\";i:0;s:22:\"uagb\/sure-cart-product\";i:0;s:15:\"uagb\/sure-forms\";i:0;s:22:\"uagb\/table-of-contents\";i:0;s:9:\"uagb\/tabs\";i:0;s:15:\"uagb\/tabs-child\";i:0;s:18:\"uagb\/taxonomy-list\";i:0;s:9:\"uagb\/team\";i:0;s:16:\"uagb\/testimonial\";i:0;s:14:\"uagb\/wp-search\";i:0;s:19:\"uagb\/instagram-feed\";i:0;s:10:\"uagb\/login\";i:0;s:17:\"uagb\/loop-builder\";i:0;s:18:\"uagb\/loop-category\";i:0;s:20:\"uagb\/loop-pagination\";i:0;s:15:\"uagb\/loop-reset\";i:0;s:16:\"uagb\/loop-search\";i:0;s:14:\"uagb\/loop-sort\";i:0;s:17:\"uagb\/loop-wrapper\";i:0;s:13:\"uagb\/register\";i:0;s:19:\"uagb\/register-email\";i:0;s:24:\"uagb\/register-first-name\";i:0;s:23:\"uagb\/register-last-name\";i:0;s:22:\"uagb\/register-password\";i:0;s:30:\"uagb\/register-reenter-password\";i:0;s:19:\"uagb\/register-terms\";i:0;s:22:\"uagb\/register-username\";i:0;}"],"_edit_lock":["1788270306:31"],"_thumbnail_id":["14725"],"_edit_last":["31"],"_uag_custom_page_level_css":[""],"_coblocks_attr":[""],"_coblocks_dimensions":[""],"_coblocks_responsive_height":[""],"_coblocks_accordion_ie_support":[""],"wds_primary_category":["1"],"footnotes":[""],"lucida-layout-option":["default"],"lucida-header-image":["default"],"lucida-sidebar-options":["default-sidebar"],"lucida-featured-image":["default"],"__post_views_count":["5"],"_wds_readability":["a:4:{s:5:\"score\";i:0;s:9:\"raw_score\";b:0;s:11:\"is_readable\";b:0;s:5:\"error\";s:40:\"Your language is currently not supported\";}"],"_uag_page_assets":["a:9:{s:3:\"css\";s:0:\"\";s:2:\"js\";s:0:\"\";s:18:\"current_block_list\";a:12:{i:0;s:14:\"core\/paragraph\";i:1;s:9:\"core\/file\";i:2;s:12:\"core\/heading\";i:3;s:14:\"core\/separator\";i:4;s:14:\"core\/shortcode\";i:5;s:12:\"core\/buttons\";i:6;s:11:\"core\/button\";i:7;s:10:\"core\/image\";i:8;s:8:\"core\/rss\";i:9;s:17:\"core\/social-links\";i:10;s:16:\"core\/social-link\";i:11;s:26:\"coblocks\/dynamic-separator\";}s:8:\"uag_flag\";b:0;s:11:\"uag_version\";s:10:\"1788287721\";s:6:\"gfonts\";a:0:{}s:10:\"gfonts_url\";s:0:\"\";s:12:\"gfonts_files\";a:0:{}s:14:\"uag_faq_layout\";b:0;}"]},"uagb_featured_image_src":{"full":["https:\/\/spes.se\/vastrakrets\/wp-content\/uploads\/sites\/10\/2026\/09\/IMG_5928.jpg",1332,946,false],"thumbnail":["https:\/\/spes.se\/vastrakrets\/wp-content\/uploads\/sites\/10\/2026\/09\/IMG_5928-150x150.jpg",150,150,true],"medium":["https:\/\/spes.se\/vastrakrets\/wp-content\/uploads\/sites\/10\/2026\/09\/IMG_5928-300x213.jpg",300,213,true],"medium_large":["https:\/\/spes.se\/vastrakrets\/wp-content\/uploads\/sites\/10\/2026\/09\/IMG_5928-768x545.jpg",620,440,true],"large":["https:\/\/spes.se\/vastrakrets\/wp-content\/uploads\/sites\/10\/2026\/09\/IMG_5928-582x413.jpg",582,413,true],"1536x1536":["https:\/\/spes.se\/vastrakrets\/wp-content\/uploads\/sites\/10\/2026\/09\/IMG_5928.jpg",1332,946,false],"2048x2048":["https:\/\/spes.se\/vastrakrets\/wp-content\/uploads\/sites\/10\/2026\/09\/IMG_5928.jpg",1332,946,false],"ultp_layout_landscape_large":["https:\/\/spes.se\/vastrakrets\/wp-content\/uploads\/sites\/10\/2026\/09\/IMG_5928-1200x800.jpg",1200,800,true],"ultp_layout_landscape":["https:\/\/spes.se\/vastrakrets\/wp-content\/uploads\/sites\/10\/2026\/09\/IMG_5928-870x570.jpg",870,570,true],"ultp_layout_portrait":["https:\/\/spes.se\/vastrakrets\/wp-content\/uploads\/sites\/10\/2026\/09\/IMG_5928-600x900.jpg",600,900,true],"ultp_layout_square":["https:\/\/spes.se\/vastrakrets\/wp-content\/uploads\/sites\/10\/2026\/09\/IMG_5928-600x600.jpg",600,600,true],"post-thumbnail":["https:\/\/spes.se\/vastrakrets\/wp-content\/uploads\/sites\/10\/2026\/09\/IMG_5928-620x413.jpg",620,413,true],"lucida-slider":["https:\/\/spes.se\/vastrakrets\/wp-content\/uploads\/sites\/10\/2026\/09\/IMG_5928-1332x800.jpg",1332,800,true],"lucida-featured":["https:\/\/spes.se\/vastrakrets\/wp-content\/uploads\/sites\/10\/2026\/09\/IMG_5928-880x660.jpg",880,660,true],"lucida-landscape":["https:\/\/spes.se\/vastrakrets\/wp-content\/uploads\/sites\/10\/2026\/09\/IMG_5928-480x320.jpg",480,320,true],"lucida-small":["https:\/\/spes.se\/vastrakrets\/wp-content\/uploads\/sites\/10\/2026\/09\/IMG_5928-90x68.jpg",90,68,true]},"uagb_author_info":{"display_name":"bgarate","author_link":"https:\/\/spes.se\/vastrakrets\/blog\/author\/bgarate\/"},"uagb_comment_info":0,"uagb_excerpt":"Den 10 september uppm\u00e4rksammas den Internationella Suicidpreventiva dagen. I Tidaholm serveras fika inf\u00f6r en f\u00f6rsl\u00e4sning med Charlie Eriksson som skrivit boken Aldrig ensam. Kv\u00e4llen avslutas med ljust\u00e4ndning. Program 10\/9 kl. 13-14 Tidaholms kyrka M\u00f6jlighet att sitta ner i kyrkan, t\u00e4nda L\u00e4s mer ...","_links":{"self":[{"href":"https:\/\/spes.se\/vastrakrets\/wp-json\/wp\/v2\/posts\/14723","targetHints":{"allow":["GET"]}}],"collection":[{"href":"https:\/\/spes.se\/vastrakrets\/wp-json\/wp\/v2\/posts"}],"about":[{"href":"https:\/\/spes.se\/vastrakrets\/wp-json\/wp\/v2\/types\/post"}],"author":[{"embeddable":true,"href":"https:\/\/spes.se\/vastrakrets\/wp-json\/wp\/v2\/users\/31"}],"replies":[{"embeddable":true,"href":"https:\/\/spes.se\/vastrakrets\/wp-json\/wp\/v2\/comments?post=14723"}],"version-history":[{"count":0,"href":"https:\/\/spes.se\/vastrakrets\/wp-json\/wp\/v2\/posts\/14723\/revisions"}],"wp:featuredmedia":[{"embeddable":true,"href":"https:\/\/spes.se\/vastrakrets\/wp-json\/wp\/v2\/media\/14725"}],"wp:attachment":[{"href":"https:\/\/spes.se\/vastrakrets\/wp-json\/wp\/v2\/media?parent=14723"}],"wp:term":[{"taxonomy":"category","embeddable":true,"href":"https:\/\/spes.se\/vastrakrets\/wp-json\/wp\/v2\/categories?post=14723"},{"taxonomy":"post_tag","embeddable":true,"href":"https:\/\/spes.se\/vastrakrets\/wp-json\/wp\/v2\/tags?post=14723"}],"curies":[{"name":"wp","href":"https:\/\/api.w.org\/{rel}","templated":true}]}}